{"id":9315,"date":"2026-01-15T07:17:54","date_gmt":"2026-01-15T07:17:54","guid":{"rendered":"https:\/\/986583d8-f056-4bb2-8671-788a4dfd7230.seg14.hubblecommerce.io\/nouveau-sur-fapagarden-journee-professionnelle-pour-les-horticulteurs\/"},"modified":"2026-01-15T07:17:54","modified_gmt":"2026-01-15T07:17:54","slug":"nouveau-sur-fapagarden-journee-professionnelle-pour-les-horticulteurs","status":"publish","type":"post","link":"https:\/\/986583d8-f056-4bb2-8671-788a4dfd7230.seg14.hubblecommerce.io\/fr\/nouveau-sur-fapagarden-journee-professionnelle-pour-les-horticulteurs\/","title":{"rendered":"Nouveau sur fapagarden : Journ\u00e9e professionnelle pour les horticulteurs"},"content":{"rendered":"\n<p><strong>Le secteur de l&#8217;horticulture et de l&#8217;am\u00e9nagement paysager ne cesse d&#8217;\u00e9voluer et, avec lui, les exigences pos\u00e9es aux horticulteurs. De nouveaux th\u00e8mes, de nouvelles technologies et des contextes plus complexes exigent des connaissances qui ne se contentent pas d&#8217;informer, mais qui aident r\u00e9ellement dans le travail quotidien. C&#8217;est pr\u00e9cis\u00e9ment l\u00e0 qu&#8217;intervient la nouvelle journ\u00e9e professionnelle de fapagarden.  <\/strong><\/p>\n\n\n\n<figure class=\"wp-block-embed is-type-video is-provider-youtube wp-block-embed-youtube wp-embed-aspect-16-9 wp-has-aspect-ratio\"><div class=\"wp-block-embed__wrapper\">\n<iframe loading=\"lazy\" title=\"Praxiswissen f\u00fcr den modernen Gartenbau\" width=\"500\" height=\"281\" src=\"https:\/\/www.youtube.com\/embed\/qDGmwkpyhT0?feature=oembed\" frameborder=\"0\" allow=\"accelerometer; autoplay; clipboard-write; encrypted-media; gyroscope; picture-in-picture; web-share\" referrerpolicy=\"strict-origin-when-cross-origin\" allowfullscreen><\/iframe>\n<\/div><\/figure>\n\n\n\n<p>Notre objectif est de transmettre aux horticulteurs des connaissances pratiques qu&#8217;ils pourront appliquer directement dans leurs projets. Il ne s&#8217;agit pas d&#8217;un s\u00e9minaire th\u00e9orique aride, mais d&#8217;une journ\u00e9e technique qui permet de comprendre les relations, de partager des exp\u00e9riences pratiques et de donner de l&#8217;assurance pour la planification, le conseil et la mise en \u0153uvre. <\/p>\n\n\n\n<h2 class=\"wp-block-heading\"><strong>La journ\u00e9e professionnelle chez fapagarden : un nouveau format avec une exp\u00e9rience \u00e9prouv\u00e9e<\/strong><\/h2>\n\n\n\n<p>Avec la journ\u00e9e professionnelle pour les horticulteurs, fapagarden lance pour la premi\u00e8re fois en f\u00e9vrier 2026 son propre format de s\u00e9minaire pour l&#8217;horticulture et l&#8217;am\u00e9nagement paysager. Il nous tient vraiment \u00e0 c\u0153ur de transmettre nos connaissances de mani\u00e8re cibl\u00e9e et d&#8217;aider les professionnels de l&#8217;horticulture \u00e0 faire face aux exigences croissantes de mani\u00e8re souveraine. <\/p>\n\n\n\n<p>Nous ne partons pas de z\u00e9ro. Depuis longtemps d\u00e9j\u00e0, nous organisons avec succ\u00e8s des s\u00e9minaires sp\u00e9cialis\u00e9s dans les domaines de comp\u00e9tence <a href=\"https:\/\/faparain.ch\/seminare\" target=\"_blank\" rel=\"noopener\">faparain<\/a> et <a href=\"https:\/\/fapatrock.ch\/seminare\" target=\"_blank\" rel=\"noopener\">fapatrock <\/a>. L&#8217;exp\u00e9rience acquise, les connaissances pratiques et l&#8217;\u00e9change direct avec des sp\u00e9cialistes sont d\u00e9sormais appliqu\u00e9s de mani\u00e8re cibl\u00e9e au secteur du jardinage, en fonction des besoins concrets des horticulteurs.  <\/p>\n\n\n\n<h2 class=\"wp-block-heading\"><strong>Horticulture : quand l&#8217;eau, les \u00e9tangs et la lumi\u00e8re se conjuguent<\/strong><\/h2>\n\n\n\n<p>L&#8217;utilisation consciente de l&#8217;eau prend de plus en plus d&#8217;importance dans l&#8217;horticulture. L&#8217;utilisation de l&#8217;eau de pluie et la r\u00e9tention ne sont plus depuis longtemps des sujets techniques suppl\u00e9mentaires, mais des \u00e9l\u00e9ments centraux des concepts de jardins durables. Parall\u00e8lement, les bassins posent des exigences \u00e9lev\u00e9es en mati\u00e8re de planification, d&#8217;entretien et de fonctionnalit\u00e9 \u00e0 long terme s&#8217;ils doivent fonctionner durablement et procurer du plaisir.  <\/p>\n\n\n\n<p>L&#8217;\u00e9clairage des jardins et des \u00e9tangs joue \u00e9galement un r\u00f4le de plus en plus important. Il cr\u00e9e une atmosph\u00e8re, am\u00e9liore la s\u00e9curit\u00e9 et influence consid\u00e9rablement l&#8217;utilisation des espaces ext\u00e9rieurs. Ces th\u00e8mes s&#8217;imbriquent les uns dans les autres &#8211; sur le plan technique, conceptuel et \u00e9cologique &#8211; et n\u00e9cessitent une compr\u00e9hension professionnelle en r\u00e9seau qui va au-del\u00e0 des solutions individuelles.  <\/p>\n\n\n\n<h2 class=\"wp-block-heading\"><strong>Ce que la journ\u00e9e professionnelle enseigne &#8211; et pourquoi il vaut la peine d&#8217;y participer<\/strong><\/h2>\n\n\n\n<p>La journ\u00e9e professionnelle de fapagarden est r\u00e9solument orient\u00e9e vers la pratique. L&#8217;accent n&#8217;est pas mis sur des mod\u00e8les th\u00e9oriques, mais sur des questions r\u00e9elles issues du quotidien professionnel des horticulteurs et horticultrices. L&#8217;objectif est de transmettre des connaissances qui sont compr\u00e9hensibles, qui montrent les relations et qui peuvent \u00eatre utilis\u00e9es directement dans la planification, le conseil et la mise en \u0153uvre.  <\/p>\n\n\n\n<p>Les participants b\u00e9n\u00e9ficient de :<\/p>\n\n\n\n<ul class=\"wp-block-list\">\n<li>une expertise approfondie en mati\u00e8re de r\u00e9cup\u00e9ration de l&#8217;eau de pluie, de r\u00e9tention, d&#8217;entretien des bassins et d&#8217;\u00e9clairage<\/li>\n\n\n\n<li>une vision globale de la planification, de la mise en \u0153uvre et de la maintenance<\/li>\n\n\n\n<li>plus de s\u00e9curit\u00e9 dans le conseil aux clients<\/li>\n\n\n\n<li>de nouvelles impulsions pour des concepts de jardin durables et fonctionnels<\/li>\n<\/ul>\n\n\n\n<p>En bref, des connaissances qui renforcent &#8211; et qui aident vraiment au quotidien.<\/p>\n\n\n\n<h2 class=\"wp-block-heading\"><strong>A qui s&#8217;adresse la journ\u00e9e technique &#8211; et ce que les participants en retirent<\/strong><\/h2>\n\n\n\n<p>La journ\u00e9e professionnelle s&#8217;adresse aux horticulteurs, aux paysagistes et aux professionnels qui souhaitent approfondir leurs connaissances et d\u00e9velopper leur travail sur le plan technique. Elle s&#8217;adresse \u00e0 tous ceux qui ne se contentent pas de solutions isol\u00e9es, mais qui souhaitent penser et r\u00e9aliser des jardins de mani\u00e8re globale. <\/p>\n\n\n\n<p>Les participants acqui\u00e8rent une meilleure compr\u00e9hension des interactions complexes, gagnent en assurance dans le traitement de sujets exigeants et re\u00e7oivent de pr\u00e9cieuses impulsions pour leur travail quotidien &#8211; de la planification \u00e0 la mise en \u0153uvre.<\/p>\n\n\n\n<h2 class=\"wp-block-heading\"><strong>En savoir plus sur la journ\u00e9e professionnelle pour les horticulteurs<\/strong><\/h2>\n\n\n\n<p>La journ\u00e9e professionnelle de fapagarden offre un espace de connaissances, d&#8217;\u00e9changes et de nouvelles perspectives. Vous trouverez tous les d\u00e9tails sur le programme et l&#8217;inscription sur notre page s\u00e9minaire. <\/p>\n\n\n\n<p><a href=\"\/seminare\/fachseminar-fuer-gartenbauer?number=84187\">\ud83d\udc49 <strong>Vers la journ\u00e9e technique pour les horticulteurs<\/strong><\/a><\/p>\n","protected":false},"excerpt":{"rendered":"<p>Nouveau chez fapagarden : Avec la journ\u00e9e technique pour les horticulteurs, un nouveau format de s\u00e9minaire est lanc\u00e9, qui transmet des connaissances pratiques sur l&#8217;utilisation de l&#8217;eau de pluie, l&#8217;entretien des \u00e9tangs et l&#8217;\u00e9clairage. La journ\u00e9e professionnelle s&#8217;adresse aux professionnels qui pensent les jardins de mani\u00e8re globale et qui souhaitent appliquer leurs connaissances directement dans leur travail quotidien. <\/p>\n","protected":false},"author":20,"featured_media":9178,"comment_status":"open","ping_status":"open","sticky":false,"template":"","format":"standard","meta":{"_acf_changed":false,"footnotes":"","_wpscppro_dont_share_socialmedia":false,"_wpscppro_custom_social_share_image":0,"_facebook_share_type":"","_twitter_share_type":"","_linkedin_share_type":"","_pinterest_share_type":"","_linkedin_share_type_page":"","_instagram_share_type":"","_medium_share_type":"","_threads_share_type":"","_google_business_share_type":"","_selected_social_profile":[],"_wpsp_enable_custom_social_template":false,"_wpsp_social_scheduling":{"enabled":false,"datetime":null,"platforms":[],"status":"template_only","dateOption":"today","timeOption":"now","customDays":"","customHours":"","customDate":"","customTime":"","schedulingType":"absolute"},"_wpsp_active_default_template":true},"categories":[194,195,197,198],"tags":[221],"experts":[220,224],"class_list":["post-9315","post","type-post","status-publish","format-standard","has-post-thumbnail","hentry","category-fapagarden-ch-fr","category-eclairage","category-gestion-de-leau-de-pluie","category-technique-detang","tag-actualites","experts-michael-weber","experts-jerome-berchtold"],"acf":[],"_links":{"self":[{"href":"https:\/\/986583d8-f056-4bb2-8671-788a4dfd7230.seg14.hubblecommerce.io\/fr\/wp-json\/wp\/v2\/posts\/9315","targetHints":{"allow":["GET"]}}],"collection":[{"href":"https:\/\/986583d8-f056-4bb2-8671-788a4dfd7230.seg14.hubblecommerce.io\/fr\/wp-json\/wp\/v2\/posts"}],"about":[{"href":"https:\/\/986583d8-f056-4bb2-8671-788a4dfd7230.seg14.hubblecommerce.io\/fr\/wp-json\/wp\/v2\/types\/post"}],"author":[{"embeddable":true,"href":"https:\/\/986583d8-f056-4bb2-8671-788a4dfd7230.seg14.hubblecommerce.io\/fr\/wp-json\/wp\/v2\/users\/20"}],"replies":[{"embeddable":true,"href":"https:\/\/986583d8-f056-4bb2-8671-788a4dfd7230.seg14.hubblecommerce.io\/fr\/wp-json\/wp\/v2\/comments?post=9315"}],"version-history":[{"count":0,"href":"https:\/\/986583d8-f056-4bb2-8671-788a4dfd7230.seg14.hubblecommerce.io\/fr\/wp-json\/wp\/v2\/posts\/9315\/revisions"}],"wp:featuredmedia":[{"embeddable":true,"href":"https:\/\/986583d8-f056-4bb2-8671-788a4dfd7230.seg14.hubblecommerce.io\/fr\/wp-json\/wp\/v2\/media\/9178"}],"wp:attachment":[{"href":"https:\/\/986583d8-f056-4bb2-8671-788a4dfd7230.seg14.hubblecommerce.io\/fr\/wp-json\/wp\/v2\/media?parent=9315"}],"wp:term":[{"taxonomy":"category","embeddable":true,"href":"https:\/\/986583d8-f056-4bb2-8671-788a4dfd7230.seg14.hubblecommerce.io\/fr\/wp-json\/wp\/v2\/categories?post=9315"},{"taxonomy":"post_tag","embeddable":true,"href":"https:\/\/986583d8-f056-4bb2-8671-788a4dfd7230.seg14.hubblecommerce.io\/fr\/wp-json\/wp\/v2\/tags?post=9315"},{"taxonomy":"experts","embeddable":true,"href":"https:\/\/986583d8-f056-4bb2-8671-788a4dfd7230.seg14.hubblecommerce.io\/fr\/wp-json\/wp\/v2\/experts?post=9315"}],"curies":[{"name":"wp","href":"https:\/\/api.w.org\/{rel}","templated":true}]}}