{"id":9001,"date":"2025-12-04T09:28:27","date_gmt":"2025-12-04T09:28:27","guid":{"rendered":"https:\/\/986583d8-f056-4bb2-8671-788a4dfd7230.seg14.hubblecommerce.io\/le-radon-a-portee-de-main-mesures-actives-avec-aranet-radonplus\/"},"modified":"2025-12-04T16:06:58","modified_gmt":"2025-12-04T16:06:58","slug":"le-radon-a-portee-de-main-mesures-actives-avec-aranet-radonplus","status":"publish","type":"post","link":"https:\/\/986583d8-f056-4bb2-8671-788a4dfd7230.seg14.hubblecommerce.io\/fr\/le-radon-a-portee-de-main-mesures-actives-avec-aranet-radonplus\/","title":{"rendered":"Le radon \u00e0 port\u00e9e de main : Mesures actives avec Aranet RadonPlus"},"content":{"rendered":"\n<p><strong>Pour \u00eatre au clair sur la qualit\u00e9 de l&#8217;air int\u00e9rieur, il faut disposer de donn\u00e9es fiables. C&#8217;est exactement ce que fournissent les d\u00e9tecteurs de radon actifs tels que l&#8217;Aranet RadonPlus : des valeurs de mesure pr\u00e9cises et actualis\u00e9es en temps r\u00e9el &#8211; pour plus de s\u00e9curit\u00e9 \u00e0 la maison et sur le lieu de travail. <\/strong><\/p>\n\n\n\n<figure class=\"wp-block-image size-large\"><img loading=\"lazy\" decoding=\"async\" width=\"1024\" height=\"683\" src=\"https:\/\/986583d8-f056-4bb2-8671-788a4dfd7230.seg14.hubblecommerce.io\/wp-content\/uploads\/2025\/07\/faparadon_aktives_radonmessgeraet_aranet_rnplus_610000.002_mood_9_3x2-1024x683.jpg\" alt=\"Appareil de mesure du radon Aranet RadonPlus pour la mesure active\" class=\"wp-image-8550\" srcset=\"https:\/\/986583d8-f056-4bb2-8671-788a4dfd7230.seg14.hubblecommerce.io\/wp-content\/uploads\/2025\/07\/faparadon_aktives_radonmessgeraet_aranet_rnplus_610000.002_mood_9_3x2-1024x683.jpg 1024w, https:\/\/986583d8-f056-4bb2-8671-788a4dfd7230.seg14.hubblecommerce.io\/wp-content\/uploads\/2025\/07\/faparadon_aktives_radonmessgeraet_aranet_rnplus_610000.002_mood_9_3x2-300x200.jpg 300w, https:\/\/986583d8-f056-4bb2-8671-788a4dfd7230.seg14.hubblecommerce.io\/wp-content\/uploads\/2025\/07\/faparadon_aktives_radonmessgeraet_aranet_rnplus_610000.002_mood_9_3x2-768x512.jpg 768w, https:\/\/986583d8-f056-4bb2-8671-788a4dfd7230.seg14.hubblecommerce.io\/wp-content\/uploads\/2025\/07\/faparadon_aktives_radonmessgeraet_aranet_rnplus_610000.002_mood_9_3x2-1536x1024.jpg 1536w, https:\/\/986583d8-f056-4bb2-8671-788a4dfd7230.seg14.hubblecommerce.io\/wp-content\/uploads\/2025\/07\/faparadon_aktives_radonmessgeraet_aranet_rnplus_610000.002_mood_9_3x2.jpg 2048w\" sizes=\"auto, (max-width: 1024px) 100vw, 1024px\" \/><\/figure>\n\n\n\n<h2 class=\"wp-block-heading\"><strong>Avantages de la mesure active du radon<\/strong><\/h2>\n\n\n\n<p>La concentration de radon \u00e0 l&#8217;int\u00e9rieur des b\u00e2timents peut varier consid\u00e9rablement en fonction des conditions m\u00e9t\u00e9orologiques, du comportement de ventilation ou des conditions de construction. Une surveillance continue est donc particuli\u00e8rement importante. <\/p>\n\n\n\n<p>Les appareils de mesure active du radon, tels que l&#8217;Aranet RadonPlus, sont des appareils \u00e9lectroniques dot\u00e9s de capteurs qui d\u00e9tectent, \u00e9valuent et affichent le radon en temps r\u00e9el. En outre, ils fournissent g\u00e9n\u00e9ralement d&#8217;autres donn\u00e9es environnementales telles que la temp\u00e9rature, l&#8217;humidit\u00e9 et la pression atmosph\u00e9rique<x id=\"gid_1\"><\/x>, qui s&#8217;affichent sur l&#8217;\u00e9cran ou sur une application associ\u00e9e. C&#8217;est id\u00e9al si vous voulez savoir imm\u00e9diatement comment le comportement de ventilation, les conditions m\u00e9t\u00e9orologiques ou les modifications de construction affectent la concentration de radon dans vos locaux.  <\/p>\n\n\n\n<p>Pour les entreprises sp\u00e9cialis\u00e9es, la mesure active est un outil central pour la surveillance avant ou pendant les travaux de r\u00e9novation, pour le contr\u00f4le des mesures d&#8217;\u00e9tanch\u00e9it\u00e9 et pour la surveillance continue dans les b\u00e2timents.<\/p>\n\n\n\n<h2 class=\"wp-block-heading\"><strong>Qu&#8217;est-ce qui rend Aranet RadonPlus si sp\u00e9cial ?<\/strong><\/h2>\n\n\n\n<p>L&#8217;Aranet RadonPlus compte parmi les d\u00e9tecteurs de radon actifs les plus modernes et les plus rapides du march\u00e9. Le capteur met \u00e0 jour les niveaux de radon toutes les dix minutes, fournit un premier r\u00e9sultat tr\u00e8s fiable au bout d&#8217;une heure seulement et r\u00e9agit rapidement aux changements. L&#8217;appareil est facile \u00e0 utiliser, tant pour les particuliers que pour les professionnels : En <a href=\"\/fr\/mesure\/mesure-active\/home\/detecteur-de-radon-aranet-radon-plus-home?number=610000.001\">version de base avec connexion \u00e0 une application<\/a> ou en <a href=\"\/fr\/mesure\/mesure-active\/detecteur-de-radon-aranet-radon-plus-pro?number=610000.002\">version Pro compatible avec le cloud<\/a> pour une connexion \u00e0 des syst\u00e8mes de maison intelligente. L&#8217;\u00e9cran E-Ink et la longue dur\u00e9e de vie de la batterie (jusqu&#8217;\u00e0 7 ans) en font l&#8217;appareil id\u00e9al pour surveiller en permanence la qualit\u00e9 de l&#8217;air int\u00e9rieur.<\/p>\n\n\n\n<p><strong>Pour les particuliers, cela signifie<\/strong><\/p>\n\n\n\n<ul class=\"wp-block-list\">\n<li>Vous obtenez les premi\u00e8res mesures significatives en peu de temps.<\/li>\n\n\n\n<li>Vous voyez en direct si et comment le comportement de ventilation a un impact sur les valeurs.<\/li>\n\n\n\n<li>Le capteur peut \u00eatre plac\u00e9 de mani\u00e8re flexible dans la cave, la chambre \u00e0 coucher, le salon ou le bureau.<\/li>\n\n\n\n<li>L&#8217;application affiche des graphiques, des tendances et des avertissements faciles \u00e0 comprendre.<\/li>\n<\/ul>\n\n\n\n<p>En bref : vous placez le capteur, vous le connectez \u00e0 l&#8217;application &#8211; et vous connaissez d\u00e9j\u00e0 la qualit\u00e9 de l&#8217;air et surtout la concentration de radon dans vos locaux. Sans c\u00e2bles, sans installations, sans connaissances techniques pr\u00e9alables. <\/p>\n\n\n\n<p><strong>Pour les professionnels et les entreprises, le dispositif :<\/strong><\/p>\n\n\n\n<ul class=\"wp-block-list\">\n<li>Donn\u00e9es radar continues et pr\u00e9cises avec moyennes sur 24 heures, 7 jours et 30 jours<\/li>\n\n\n\n<li><a href=\"\/fr\/mesure\/mesure-active\/pro\" target=\"_blank\" rel=\"noreferrer noopener\">Mod\u00e8les Pro<\/a> pour l&#8217;int\u00e9gration dans les syst\u00e8mes de gestion ou de surveillance des b\u00e2timents<\/li>\n\n\n\n<li>Un soutien optimal pendant les r\u00e9novations ou les mesures de contr\u00f4le<\/li>\n\n\n\n<li>Donn\u00e9es climatiques suppl\u00e9mentaires (temp\u00e9rature, humidit\u00e9, pression atmosph\u00e9rique) pour une interpr\u00e9tation technique propre des r\u00e9sultats de mesure.<\/li>\n<\/ul>\n\n\n\n<h2 class=\"wp-block-heading\"><strong>Comment fonctionne la mesure active du radon ?<\/strong><\/h2>\n\n\n\n<p>Aranet RadonPlus fonctionne avec une chambre d&#8217;ionisation qui d\u00e9tecte en permanence la concentration de radon. Les valeurs sont actualis\u00e9es en permanence et affich\u00e9es dans l&#8217;application ou directement sur l&#8217;\u00e9cran. <\/p>\n\n\n\n<p><strong>Avantages pour les particuliers : <\/strong>Vous d\u00e9tectez imm\u00e9diatement une augmentation des niveaux de radon &#8211; par exemple la nuit, apr\u00e8s un changement de temps ou dans des pi\u00e8ces o\u00f9 l&#8217;air est peu renouvel\u00e9.<\/p>\n\n\n\n<p><strong>Avantages pour les entreprises sp\u00e9cialis\u00e9es : <\/strong>Elles peuvent analyser les tendances, les mod\u00e8les et les d\u00e9pendances, ce qui est essentiel lors de la planification ou de la v\u00e9rification de l&#8217;assainissement du radon.<\/p>\n\n\n\n<h2 class=\"wp-block-heading\"><strong>Quand une mesure active du radon est-elle utile ?<\/strong><\/h2>\n\n\n\n<p><strong>Pour les particuliers :<\/strong><\/p>\n\n\n\n<ul class=\"wp-block-list\">\n<li>Si vous souhaitez une \u00e9valuation rapide de votre situation en mati\u00e8re de radon<\/li>\n\n\n\n<li>Si vous souhaitez comparer diff\u00e9rents espaces<\/li>\n\n\n\n<li>En cas de r\u00e9novation ou avant de planifier des travaux de construction<\/li>\n\n\n\n<li>Si vous souhaitez comprendre comment et quand l&#8217;a\u00e9ration est la plus efficace<\/li>\n<\/ul>\n\n\n\n<p><strong>Pour les entreprises sp\u00e9cialis\u00e9es :<\/strong><\/p>\n\n\n\n<ul class=\"wp-block-list\">\n<li>Pour les mesures d\u00e9taill\u00e9es et la localisation des points d&#8217;entr\u00e9e<\/li>\n\n\n\n<li>Pour accompagner les travaux d&#8217;\u00e9tanch\u00e9it\u00e9 ou d&#8217;optimisation de la ventilation<\/li>\n\n\n\n<li>Pour le suivi des mesures d&#8217;assainissement<\/li>\n\n\n\n<li>Pour la surveillance continue des \u00e9coles, des bureaux ou des b\u00e2timents commerciaux<\/li>\n\n\n\n<li>En compl\u00e9ment des m\u00e9thodes de mesure passives reconnues<\/li>\n<\/ul>\n\n\n\n<h2 class=\"wp-block-heading\"><strong>Ce qu&#8217;une mesure active peut &#8211; et ne peut pas ?<\/strong><\/h2>\n\n\n\n<p><strong>Performances de la mesure active du radon :<\/strong><\/p>\n\n\n\n<ul class=\"wp-block-list\">\n<li>Rendre les fluctuations visibles<\/li>\n\n\n\n<li>Identifier imm\u00e9diatement les pics<\/li>\n\n\n\n<li>Sensibiliser les responsables<\/li>\n\n\n\n<li>Accompagner les r\u00e9novations<\/li>\n\n\n\n<li>Am\u00e9liorer les comportements de ventilation<\/li>\n<\/ul>\n\n\n\n<p><strong>Limitation des m\u00e9thodes de mesure actives :<\/strong><\/p>\n\n\n\n<p>Une mesure active ne remplace pas une mesure du radon reconnue par les autorit\u00e9s.<br>Celle-ci n\u00e9cessite une dur\u00e9e de mesure d&#8217;au moins trois mois pendant la p\u00e9riode de chauffage avec un <a href=\"\/fr\/mesure\/mesure-passive\" target=\"_blank\" rel=\"noreferrer noopener\">dosim\u00e8tre passif<\/a>.<\/p>\n\n\n\n<p>Nous vous aidons avec des conseils honn\u00eates, des produits adapt\u00e9s et une expertise approfondie, que vous souhaitiez effectuer des mesures vous-m\u00eame ou planifier une r\u00e9novation.<\/p>\n\n\n\n<p><strong>Contactez-nous, visitez notre site web ou passez dans notre centre d&#8217;expertise !<\/strong><\/p>\n\n\n\n<p><strong>faparadon &#8211; Votre partenaire sp\u00e9cialis\u00e9 dans le domaine du radon !<\/strong><\/p>\n","protected":false},"excerpt":{"rendered":"<p>Avec l&#8217;Aranet RadonPlus, vous mesurez le radon en temps r\u00e9el &#8211; id\u00e9al pour une \u00e9valuation rapide \u00e0 domicile ou un suivi professionnel lors de r\u00e9novations. D\u00e9couvrez quand une mesure active est utile et quels sont les avantages de l&#8217;appareil. <\/p>\n","protected":false},"author":22,"featured_media":8551,"comment_status":"open","ping_status":"open","sticky":false,"template":"","format":"standard","meta":{"_acf_changed":false,"footnotes":"","_wpscppro_dont_share_socialmedia":false,"_wpscppro_custom_social_share_image":0,"_facebook_share_type":"","_twitter_share_type":"","_linkedin_share_type":"","_pinterest_share_type":"","_linkedin_share_type_page":"","_instagram_share_type":"","_medium_share_type":"","_threads_share_type":"","_google_business_share_type":"","_selected_social_profile":[],"_wpsp_enable_custom_social_template":false,"_wpsp_social_scheduling":{"enabled":false,"datetime":null,"platforms":[],"status":"template_only","dateOption":"today","timeOption":"now","customDays":"","customHours":"","customDate":"","customTime":"","schedulingType":"absolute"},"_wpsp_active_default_template":true},"categories":[199],"tags":[],"experts":[],"class_list":["post-9001","post","type-post","status-publish","format-standard","has-post-thumbnail","hentry","category-faparadon-ch-fr"],"acf":[],"_links":{"self":[{"href":"https:\/\/986583d8-f056-4bb2-8671-788a4dfd7230.seg14.hubblecommerce.io\/fr\/wp-json\/wp\/v2\/posts\/9001","targetHints":{"allow":["GET"]}}],"collection":[{"href":"https:\/\/986583d8-f056-4bb2-8671-788a4dfd7230.seg14.hubblecommerce.io\/fr\/wp-json\/wp\/v2\/posts"}],"about":[{"href":"https:\/\/986583d8-f056-4bb2-8671-788a4dfd7230.seg14.hubblecommerce.io\/fr\/wp-json\/wp\/v2\/types\/post"}],"author":[{"embeddable":true,"href":"https:\/\/986583d8-f056-4bb2-8671-788a4dfd7230.seg14.hubblecommerce.io\/fr\/wp-json\/wp\/v2\/users\/22"}],"replies":[{"embeddable":true,"href":"https:\/\/986583d8-f056-4bb2-8671-788a4dfd7230.seg14.hubblecommerce.io\/fr\/wp-json\/wp\/v2\/comments?post=9001"}],"version-history":[{"count":5,"href":"https:\/\/986583d8-f056-4bb2-8671-788a4dfd7230.seg14.hubblecommerce.io\/fr\/wp-json\/wp\/v2\/posts\/9001\/revisions"}],"predecessor-version":[{"id":9011,"href":"https:\/\/986583d8-f056-4bb2-8671-788a4dfd7230.seg14.hubblecommerce.io\/fr\/wp-json\/wp\/v2\/posts\/9001\/revisions\/9011"}],"wp:featuredmedia":[{"embeddable":true,"href":"https:\/\/986583d8-f056-4bb2-8671-788a4dfd7230.seg14.hubblecommerce.io\/fr\/wp-json\/wp\/v2\/media\/8551"}],"wp:attachment":[{"href":"https:\/\/986583d8-f056-4bb2-8671-788a4dfd7230.seg14.hubblecommerce.io\/fr\/wp-json\/wp\/v2\/media?parent=9001"}],"wp:term":[{"taxonomy":"category","embeddable":true,"href":"https:\/\/986583d8-f056-4bb2-8671-788a4dfd7230.seg14.hubblecommerce.io\/fr\/wp-json\/wp\/v2\/categories?post=9001"},{"taxonomy":"post_tag","embeddable":true,"href":"https:\/\/986583d8-f056-4bb2-8671-788a4dfd7230.seg14.hubblecommerce.io\/fr\/wp-json\/wp\/v2\/tags?post=9001"},{"taxonomy":"experts","embeddable":true,"href":"https:\/\/986583d8-f056-4bb2-8671-788a4dfd7230.seg14.hubblecommerce.io\/fr\/wp-json\/wp\/v2\/experts?post=9001"}],"curies":[{"name":"wp","href":"https:\/\/api.w.org\/{rel}","templated":true}]}}