{"id":8979,"date":"2025-11-13T09:25:13","date_gmt":"2025-11-13T09:25:13","guid":{"rendered":"https:\/\/986583d8-f056-4bb2-8671-788a4dfd7230.seg14.hubblecommerce.io\/mesurer-le-radon-dans-le-corps-ce-que-dit-la-recherche-en-2025\/"},"modified":"2026-01-07T13:15:28","modified_gmt":"2026-01-07T13:15:28","slug":"mesurer-le-radon-dans-le-corps-ce-que-dit-la-recherche-en-2025","status":"publish","type":"post","link":"https:\/\/986583d8-f056-4bb2-8671-788a4dfd7230.seg14.hubblecommerce.io\/fr\/mesurer-le-radon-dans-le-corps-ce-que-dit-la-recherche-en-2025\/","title":{"rendered":"Mesurer le radon dans le corps ? Ce que dit la recherche en 2025"},"content":{"rendered":"\n<p><strong>Peut-on d\u00e9tecter le radon dans son propre corps ?<\/strong> <strong>Cette question pr\u00e9occupe les personnes qui s&#8217;int\u00e9ressent au radon, que ce soit pour des raisons de sant\u00e9 ou parce qu&#8217;elles envisagent d&#8217;acheter une maison. Actuellement, la r\u00e9ponse scientifique est : pas encore. Mais de nouvelles \u00e9tudes montrent pour la premi\u00e8re fois comment une mesure biologique pourrait \u00eatre possible \u00e0 l&#8217;avenir.  <\/strong><\/p>\n\n\n\n<figure class=\"wp-block-gallery has-nested-images columns-default is-cropped wp-block-gallery-1 is-layout-flex wp-block-gallery-is-layout-flex\">\n<figure class=\"wp-block-image size-large\"><img loading=\"lazy\" decoding=\"async\" width=\"1024\" height=\"729\" data-id=\"8989\" src=\"https:\/\/986583d8-f056-4bb2-8671-788a4dfd7230.seg14.hubblecommerce.io\/wp-content\/uploads\/2025\/11\/Radon_koerper-fussnaegel-beitragsbild-1-1024x729.jpg\" alt=\"\" class=\"wp-image-8989\" srcset=\"https:\/\/986583d8-f056-4bb2-8671-788a4dfd7230.seg14.hubblecommerce.io\/wp-content\/uploads\/2025\/11\/Radon_koerper-fussnaegel-beitragsbild-1-1024x729.jpg 1024w, https:\/\/986583d8-f056-4bb2-8671-788a4dfd7230.seg14.hubblecommerce.io\/wp-content\/uploads\/2025\/11\/Radon_koerper-fussnaegel-beitragsbild-1-300x214.jpg 300w, https:\/\/986583d8-f056-4bb2-8671-788a4dfd7230.seg14.hubblecommerce.io\/wp-content\/uploads\/2025\/11\/Radon_koerper-fussnaegel-beitragsbild-1-768x547.jpg 768w, https:\/\/986583d8-f056-4bb2-8671-788a4dfd7230.seg14.hubblecommerce.io\/wp-content\/uploads\/2025\/11\/Radon_koerper-fussnaegel-beitragsbild-1.jpg 1140w\" sizes=\"auto, (max-width: 1024px) 100vw, 1024px\" \/><\/figure>\n<\/figure>\n\n\n\n<p class=\"has-small-font-size\">Source : Site web de l&#8217;Universit\u00e9 de Calgary<\/p>\n\n\n\n<h2 class=\"wp-block-heading\"><strong>Pourquoi le radon ne peut pas \u00eatre d\u00e9tect\u00e9 dans l&#8217;organisme<\/strong><\/h2>\n\n\n\n<p>Le radon est un gaz rare radioactif qui se forme naturellement dans le sol et qui peut p\u00e9n\u00e9trer dans les espaces int\u00e9rieurs. Lorsqu&#8217;il est inhal\u00e9, il p\u00e9n\u00e8tre dans les voies respiratoires &#8211; mais est expuls\u00e9 au bout de quelques minutes seulement. Il est donc extr\u00eamement difficile de mesurer le radon directement dans le corps. Contrairement \u00e0 des polluants comme le plomb ou le mercure, le radon ne reste pas \u00e0 long terme dans le sang, les tissus ou l&#8217;urine. Il n&#8217;est donc pas possible de le d\u00e9tecter m\u00e9dicalement, par exemple par une prise de sang.    <\/p>\n\n\n\n<p>Le risque pour la sant\u00e9 n&#8217;est pas li\u00e9 au gaz lui-m\u00eame, mais \u00e0 ses produits de d\u00e9sint\u00e9gration radioactifs (par exemple polonium-218, plomb-214, plomb-210). Ceux-ci peuvent s&#8217;accumuler dans les poumons et endommager les cellules. Mais ils ne se produisent eux aussi qu&#8217;en quantit\u00e9s infimes &#8211; et ne sont pas directement d\u00e9tectables par les m\u00e9thodes m\u00e9dicales actuelles.  <\/p>\n\n\n\n<h2 class=\"wp-block-heading\"><strong>Nouvelle approche de recherche : les ongles de pied comme r\u00e9servoir biologique de l&#8217;exposition au radon<\/strong><\/h2>\n\n\n\n<p>Une \u00e9quipe de recherche de l&#8217;<strong>Universit\u00e9 de Calgary <\/strong>a publi\u00e9 une <strong>\u00e9tude pionni\u00e8re<\/strong> en octobre 2025 : pour la premi\u00e8re fois, il a \u00e9t\u00e9 d\u00e9montr\u00e9 que les produits de d\u00e9sint\u00e9gration du radon &#8211; en particulier l&#8217;isotope plomb-210 &#8211; peuvent \u00eatre d\u00e9tect\u00e9s dans les <strong>ongles de pied <\/strong>.<\/p>\n\n\n\n<p>Les chercheurs ont analys\u00e9 les ongles de personnes vivant dans des maisons expos\u00e9es au radon et ont trouv\u00e9 une corr\u00e9lation claire : <strong>plus les niveaux de radon dans l&#8217;air ambiant \u00e9taient \u00e9lev\u00e9s, plus la concentration de plomb-210 dans l&#8217;ongle \u00e9tait importante.<\/strong><\/p>\n\n\n\n<p><strong>Pourquoi les ongles de pied ?<\/strong><\/p>\n\n\n\n<ul class=\"wp-block-list\">\n<li>Elles poussent lentement et refl\u00e8tent le stress des derniers mois.<\/li>\n\n\n\n<li>Ils sont faciles \u00e0 obtenir et n&#8217;entra\u00eenent aucune douleur ni intervention.<\/li>\n<\/ul>\n\n\n\n<p>Il s&#8217;agit encore de recherche fondamentale. Il n&#8217;existe pas de test m\u00e9dical approuv\u00e9. Mais : la recherche montre qu&#8217;une d\u00e9tection biologique de l&#8217;exposition au radon pourrait \u00eatre r\u00e9aliste \u00e0 l&#8217;avenir &#8211; une avanc\u00e9e significative dans la recherche sur le radon.  <\/p>\n\n\n\n<h2 class=\"wp-block-heading\"><strong>Comment \u00e9valuer votre exposition au radon en toute s\u00e9curit\u00e9 aujourd&#8217;hui<\/strong><\/h2>\n\n\n\n<p>M\u00eame si le corps lui-m\u00eame ne fournit pas (encore) de valeurs mesurables, il existe des m\u00e9thodes fiables pour d\u00e9terminer la concentration de radon dans les espaces int\u00e9rieurs.<\/p>\n\n\n\n<p><strong>Aper\u00e7u des m\u00e9thodes de mesure actuelles :<\/strong><\/p>\n\n\n\n<ul class=\"wp-block-list\">\n<li><strong>Mesure \u00e0 long terme<\/strong> (3-12 mois) : par exemple avec des dosim\u00e8tres Radtrak &#8211; id\u00e9al pour estimer l&#8217;exposition annuelle moyenne.<\/li>\n\n\n\n<li><strong>Mesure \u00e0 court terme<\/strong> (10-30 jours) : par exemple avec des dosim\u00e8tres Rapidos &#8211; utile pour les d\u00e9m\u00e9nagements, les r\u00e9novations ou les premi\u00e8res \u00e9valuations.<\/li>\n\n\n\n<li><strong>Mesure en temps r\u00e9el<\/strong>: avec des appareils \u00e9lectroniques comme l&#8217;Aranet Radon Plus Pro &#8211; utile pour la surveillance continue et la v\u00e9rification des mesures.<\/li>\n<\/ul>\n\n\n\n<h2 class=\"wp-block-heading\"><strong>Quand une mesure du radon est particuli\u00e8rement recommand\u00e9e<\/strong><\/h2>\n\n\n\n<p>Selon l&#8217;Office f\u00e9d\u00e9ral de la sant\u00e9 publique (OFSP), la mesure du radon est particuli\u00e8rement importante lorsque :<\/p>\n\n\n\n<ul class=\"wp-block-list\">\n<li>vous habitez au rez-de-chauss\u00e9e ou au sous-sol<\/li>\n\n\n\n<li>votre maison est situ\u00e9e dans une zone \u00e0 risque de radon<\/li>\n\n\n\n<li>vous passez beaucoup de temps dans votre bureau \u00e0 domicile<\/li>\n\n\n\n<li>vous fumez (le tabac et le radon se renforcent mutuellement)<\/li>\n\n\n\n<li>votre maison a \u00e9t\u00e9 construite avant 1990 et n&#8217;est pas \u00e9tanche au radon<\/li>\n<\/ul>\n\n\n\n<p>La <strong>valeur de r\u00e9f\u00e9rence recommand\u00e9e<\/strong> par l&#8217;OFSP est de <strong>300 Bq\/m\u00b3<\/strong>. Si cette valeur est d\u00e9pass\u00e9e en moyenne annuelle, des mesures d&#8217;assainissement devraient \u00eatre envisag\u00e9es &#8211; par exemple des \u00e9tanch\u00e9it\u00e9s structurelles ou une meilleure ventilation.   <\/p>\n\n\n\n<h2 class=\"wp-block-heading\"><strong>Conclusion : la mesure de l&#8217;air int\u00e9rieur reste centrale pour le moment<\/strong><\/h2>\n\n\n\n<p>L&#8217;id\u00e9e de pouvoir d\u00e9tecter le radon via le corps humain est fascinante &#8211; et cette \u00e9tude canadienne montre que cela pourrait bient\u00f4t \u00eatre possible.<\/p>\n\n\n\n<p>En attendant, la mesure de l&#8217;air int\u00e9rieur reste de loin la m\u00e9thode la plus s\u00fbre et la plus judicieuse pour \u00e9valuer de mani\u00e8re r\u00e9aliste le risque li\u00e9 au radon. Les appareils de mesure modernes offrent ici des donn\u00e9es fiables et une base de d\u00e9cision fond\u00e9e pour d&#8217;\u00e9ventuelles mesures. <\/p>\n\n\n\n<p>Vous voulez savoir quel est le niveau de radon dans votre maison ? Contactez-nous pour un conseil ou d\u00e9couvrez directement nos solutions de mesure.   <\/p>\n\n\n\n<p><\/p>\n","protected":false},"excerpt":{"rendered":"<p>Le radon peut-il \u00eatre d\u00e9tect\u00e9 par le corps humain ? Pas encore &#8211; mais une nouvelle \u00e9tude montre que les produits de d\u00e9sint\u00e9gration peuvent \u00eatre d\u00e9tect\u00e9s dans les ongles des orteils. Ce que cela signifie pour l&#8217;avenir de la surveillance du radon &#8211; et comment d\u00e9tecter votre exposition de mani\u00e8re fiable d\u00e8s aujourd&#8217;hui.  <\/p>\n","protected":false},"author":22,"featured_media":8988,"comment_status":"open","ping_status":"open","sticky":false,"template":"","format":"standard","meta":{"_acf_changed":false,"footnotes":"","_wpscppro_dont_share_socialmedia":false,"_wpscppro_custom_social_share_image":0,"_facebook_share_type":"","_twitter_share_type":"","_linkedin_share_type":"","_pinterest_share_type":"","_linkedin_share_type_page":"","_instagram_share_type":"","_medium_share_type":"","_threads_share_type":"","_google_business_share_type":"","_selected_social_profile":[],"_wpsp_enable_custom_social_template":false,"_wpsp_social_scheduling":{"enabled":false,"datetime":null,"platforms":[],"status":"template_only","dateOption":"today","timeOption":"now","customDays":"","customHours":"","customDate":"","customTime":"","schedulingType":"absolute"},"_wpsp_active_default_template":true},"categories":[199],"tags":[221],"experts":[],"class_list":["post-8979","post","type-post","status-publish","format-standard","has-post-thumbnail","hentry","category-faparadon-ch-fr","tag-actualites"],"acf":[],"_links":{"self":[{"href":"https:\/\/986583d8-f056-4bb2-8671-788a4dfd7230.seg14.hubblecommerce.io\/fr\/wp-json\/wp\/v2\/posts\/8979","targetHints":{"allow":["GET"]}}],"collection":[{"href":"https:\/\/986583d8-f056-4bb2-8671-788a4dfd7230.seg14.hubblecommerce.io\/fr\/wp-json\/wp\/v2\/posts"}],"about":[{"href":"https:\/\/986583d8-f056-4bb2-8671-788a4dfd7230.seg14.hubblecommerce.io\/fr\/wp-json\/wp\/v2\/types\/post"}],"author":[{"embeddable":true,"href":"https:\/\/986583d8-f056-4bb2-8671-788a4dfd7230.seg14.hubblecommerce.io\/fr\/wp-json\/wp\/v2\/users\/22"}],"replies":[{"embeddable":true,"href":"https:\/\/986583d8-f056-4bb2-8671-788a4dfd7230.seg14.hubblecommerce.io\/fr\/wp-json\/wp\/v2\/comments?post=8979"}],"version-history":[{"count":5,"href":"https:\/\/986583d8-f056-4bb2-8671-788a4dfd7230.seg14.hubblecommerce.io\/fr\/wp-json\/wp\/v2\/posts\/8979\/revisions"}],"predecessor-version":[{"id":9252,"href":"https:\/\/986583d8-f056-4bb2-8671-788a4dfd7230.seg14.hubblecommerce.io\/fr\/wp-json\/wp\/v2\/posts\/8979\/revisions\/9252"}],"wp:featuredmedia":[{"embeddable":true,"href":"https:\/\/986583d8-f056-4bb2-8671-788a4dfd7230.seg14.hubblecommerce.io\/fr\/wp-json\/wp\/v2\/media\/8988"}],"wp:attachment":[{"href":"https:\/\/986583d8-f056-4bb2-8671-788a4dfd7230.seg14.hubblecommerce.io\/fr\/wp-json\/wp\/v2\/media?parent=8979"}],"wp:term":[{"taxonomy":"category","embeddable":true,"href":"https:\/\/986583d8-f056-4bb2-8671-788a4dfd7230.seg14.hubblecommerce.io\/fr\/wp-json\/wp\/v2\/categories?post=8979"},{"taxonomy":"post_tag","embeddable":true,"href":"https:\/\/986583d8-f056-4bb2-8671-788a4dfd7230.seg14.hubblecommerce.io\/fr\/wp-json\/wp\/v2\/tags?post=8979"},{"taxonomy":"experts","embeddable":true,"href":"https:\/\/986583d8-f056-4bb2-8671-788a4dfd7230.seg14.hubblecommerce.io\/fr\/wp-json\/wp\/v2\/experts?post=8979"}],"curies":[{"name":"wp","href":"https:\/\/api.w.org\/{rel}","templated":true}]}}