{"id":6771,"date":"2024-12-10T12:03:31","date_gmt":"2024-12-10T12:03:31","guid":{"rendered":"https:\/\/986583d8-f056-4bb2-8671-788a4dfd7230.seg14.hubblecommerce.io\/le-radon-dans-les-ecoles-et-les-jardins-denfants-un-danger-invisible-pour-nos-enfants\/"},"modified":"2025-07-21T15:10:01","modified_gmt":"2025-07-21T15:10:01","slug":"le-radon-dans-les-ecoles-et-les-jardins-denfants-un-danger-invisible-pour-nos-enfants","status":"publish","type":"post","link":"https:\/\/986583d8-f056-4bb2-8671-788a4dfd7230.seg14.hubblecommerce.io\/fr\/le-radon-dans-les-ecoles-et-les-jardins-denfants-un-danger-invisible-pour-nos-enfants\/","title":{"rendered":"Le radon dans les \u00e9coles et les jardins d&#8217;enfants: Quel est le niveau de s\u00e9curit\u00e9 de nos enfants?"},"content":{"rendered":"\n<figure class=\"wp-block-image size-large\"><img loading=\"lazy\" decoding=\"async\" width=\"1024\" height=\"631\" src=\"https:\/\/986583d8-f056-4bb2-8671-788a4dfd7230.seg14.hubblecommerce.io\/wp-content\/uploads\/2024\/11\/faparadon_Schulen_Banner-1024x631.jpg\" alt=\"Le radon dans les \u00e9coles et les jardins d'enfants - Fillette dans un jardin d'enfants avec des ciseaux et du papier Photo de Natalie Bond : https:\/\/www.pexels.com\/de-de\/foto\/madchen-kreativitat-kind-drinnen-4090006\/\" class=\"wp-image-6728\" srcset=\"https:\/\/986583d8-f056-4bb2-8671-788a4dfd7230.seg14.hubblecommerce.io\/wp-content\/uploads\/2024\/11\/faparadon_Schulen_Banner-1024x631.jpg 1024w, https:\/\/986583d8-f056-4bb2-8671-788a4dfd7230.seg14.hubblecommerce.io\/wp-content\/uploads\/2024\/11\/faparadon_Schulen_Banner-300x185.jpg 300w, https:\/\/986583d8-f056-4bb2-8671-788a4dfd7230.seg14.hubblecommerce.io\/wp-content\/uploads\/2024\/11\/faparadon_Schulen_Banner-768x473.jpg 768w, https:\/\/986583d8-f056-4bb2-8671-788a4dfd7230.seg14.hubblecommerce.io\/wp-content\/uploads\/2024\/11\/faparadon_Schulen_Banner.jpg 1060w\" sizes=\"auto, (max-width: 1024px) 100vw, 1024px\" \/><\/figure>\n\n\n\n<p><strong>Les enfants passent une grande partie de leur quotidien dans les \u00e9coles et les jardins d&#8217;enfants. Beaucoup ignorent que des risques invisibles pour la sant\u00e9 s&#8217;y cachent. Le radon est l&#8217;un d&#8217;entre eux : un gaz radioactif qui peut s&#8217;infiltrer dans les b\u00e2timents \u00e0 partir du sol. Une concentration \u00e9lev\u00e9e est dangereuse pour la sant\u00e9 &#8211; en particulier pour les enfants. Mais quel est le risque r\u00e9el ? Et que peut-on faire pour y rem\u00e9dier ?     <\/strong><\/p>\n\n\n\n<h2 class=\"wp-block-heading\">Chiffres de Saint-Gall: Un b\u00e2timent scolaire sur dix touch\u00e9<\/h2>\n\n\n\n<p>Entre 2018 et 2023, l&#8217;Office de l&#8217;environnement et de la radioprotection du canton de Saint-Gall (AVSV) a effectu\u00e9 830 mesures de radon dans 356 b\u00e2timents d&#8217;\u00e9coles et de jardins d&#8217;enfants. Les principaux r\u00e9sultats : <\/p>\n\n\n\n<ul class=\"wp-block-list\">\n<li>Dans 64 pi\u00e8ces, la valeur indicative de 300 becquerels par m\u00e8tre cube (Bq\/m\u00b3) a \u00e9t\u00e9 d\u00e9pass\u00e9e.<\/li>\n\n\n\n<li>47 de ces pi\u00e8ces ont d\u00e9j\u00e0 \u00e9t\u00e9 r\u00e9nov\u00e9es ou \u00e9quip\u00e9es de mesures de protection.<\/li>\n\n\n\n<li>Dans d&#8217;autres cas, les travaux sont en cours ou planifi\u00e9s.<\/li>\n<\/ul>\n\n\n\n<p>Ces chiffres le montrent : Le risque est r\u00e9el, mais les mesures cibl\u00e9es sont efficaces.<\/p>\n\n\n\n<p>L&#8217;ordonnance r\u00e9vis\u00e9e sur la radioprotection (ORaP), qui est entr\u00e9e en vigueur en 2018, constitue un cadre l\u00e9gal important \u00e0 cet \u00e9gard. Elle oblige notamment les \u00e9coles et les jardins d&#8217;enfants \u00e0 v\u00e9rifier les niveaux \u00e9lev\u00e9s de radon et \u00e0 agir si n\u00e9cessaire. <\/p>\n\n\n\n<h2 class=\"wp-block-heading\">Pourquoi les enfants m\u00e9ritent une protection particuli\u00e8re<\/h2>\n\n\n\n<p>Le radon s&#8217;accumule principalement dans les espaces mal ventil\u00e9s et proches du sol, comme les caves ou les rez-de-chauss\u00e9e. Les b\u00e2timents scolaires anciens, en particulier, manquent souvent d&#8217;une \u00e9tanch\u00e9it\u00e9 suffisante ou d&#8217;une ventilation moderne. <\/p>\n\n\n\n<p>Les enfants sont plus sensibles aux rayonnements radioactifs que les adultes, car leurs voies respiratoires sont encore en d\u00e9veloppement. Une exposition \u00e9lev\u00e9e au radon pendant une p\u00e9riode prolong\u00e9e augmente le risque de d\u00e9velopper un cancer du poumon au cours de la vie. <\/p>\n\n\n\n<h2 class=\"wp-block-heading\">Le radon : dangereux parce qu&#8217;invisible<\/h2>\n\n\n\n<p>Le radon n&#8217;a pas d&#8217;odeur, pas de couleur et pas de signaux d&#8217;alerte. Il passe souvent inaper\u00e7u &#8211; et est donc facilement sous-estim\u00e9. Selon l&#8217;Organisation mondiale de la sant\u00e9 (OMS), le radon est la deuxi\u00e8me cause de cancer du poumon apr\u00e8s le tabagisme.  <\/p>\n\n\n\n<p>La bonne nouvelle est qu&#8217;une simple mesure suffit pour d\u00e9terminer le niveau d&#8217;exposition. Et si le niveau est trop \u00e9lev\u00e9, il existe des contre-mesures efficaces. <\/p>\n\n\n\n<h2 class=\"wp-block-heading\">Comment prot\u00e9ger les \u00e9coles et les jardins d&#8217;enfants<\/h2>\n\n\n\n<p>La bonne nouvelle, c&#8217;est que les probl\u00e8mes de radon peuvent \u00eatre r\u00e9solus.<\/p>\n\n\n\n<ol class=\"wp-block-list\">\n<li><strong>Mesures du radon :<\/strong><br>La premi\u00e8re \u00e9tape est la mesure. Des appareils de test install\u00e9s pendant plusieurs mois dans les pi\u00e8ces concern\u00e9es permettent de d\u00e9terminer de mani\u00e8re fiable la concentration de radon. <\/li>\n\n\n\n<li><strong>Mesures techniques :<\/strong><br>Si la concentration de radon est trop \u00e9lev\u00e9e, des mesures de construction ou techniques peuvent aider. Il s&#8217;agit notamment de : <br>&#8211; colmatage des fissures dans les fondations<br>&#8211; am\u00e9lioration de la ventilation<br>&#8211; installation de <a href=\"https:\/\/faparadon.ch\/radonabsaugung\/radongeraet\" target=\"_blank\" rel=\"noopener\">syst\u00e8mes d&#8217;aspiration du radon<\/a> <\/li>\n\n\n\n<li><strong>Protection pr\u00e9ventive pour les nouveaux b\u00e2timents :<\/strong><br>Les nouveaux b\u00e2timents peuvent \u00eatre construits d\u00e8s le d\u00e9part de mani\u00e8re \u00e0 r\u00e9sister au radon &#8211; par exemple en utilisant des mat\u00e9riaux sp\u00e9ciaux ou une construction intelligente qui emp\u00eache le radon de p\u00e9n\u00e9trer.<\/li>\n<\/ol>\n\n\n\n<p>Un exemple pratique de Saint-Gall le montre : Des mesures de ventilation cibl\u00e9es ont permis de r\u00e9duire jusqu&#8217;\u00e0 80% la concentration de radon dans des pi\u00e8ces fortement touch\u00e9es.<\/p>\n\n\n\n<h2 class=\"wp-block-heading\">Carte du radon : guide pour l&#8217;\u00e9valuation des risques<\/h2>\n\n\n\n<p>La concentration de radon varie fortement \u00e0 l&#8217;int\u00e9rieur de la Suisse. Alors que le Plateau a tendance \u00e0 pr\u00e9senter des concentrations plus faibles, les Alpes et le Jura pr\u00e9sentent des valeurs nettement plus \u00e9lev\u00e9es en raison de leur nature g\u00e9ologique. <\/p>\n\n\n\n<p>La carte du radon d\u00e9velopp\u00e9e par l&#8217;Office f\u00e9d\u00e9ral de la sant\u00e9 publique (OFSP) permet d&#8217;identifier les zones \u00e0 risque. Cette carte constitue une base importante pour les communes et les \u00e9coles afin de planifier des mesures de protection cibl\u00e9es. <\/p>\n\n\n\n<figure class=\"wp-block-image size-large\"><img loading=\"lazy\" decoding=\"async\" width=\"1024\" height=\"631\" src=\"https:\/\/986583d8-f056-4bb2-8671-788a4dfd7230.seg14.hubblecommerce.io\/wp-content\/uploads\/2024\/08\/faparadon_radonkarte-1024x631.jpg\" alt=\"Carte du radon de l'OFSP\" class=\"wp-image-5544\" srcset=\"https:\/\/986583d8-f056-4bb2-8671-788a4dfd7230.seg14.hubblecommerce.io\/wp-content\/uploads\/2024\/08\/faparadon_radonkarte-1024x631.jpg 1024w, https:\/\/986583d8-f056-4bb2-8671-788a4dfd7230.seg14.hubblecommerce.io\/wp-content\/uploads\/2024\/08\/faparadon_radonkarte-300x185.jpg 300w, https:\/\/986583d8-f056-4bb2-8671-788a4dfd7230.seg14.hubblecommerce.io\/wp-content\/uploads\/2024\/08\/faparadon_radonkarte-768x473.jpg 768w, https:\/\/986583d8-f056-4bb2-8671-788a4dfd7230.seg14.hubblecommerce.io\/wp-content\/uploads\/2024\/08\/faparadon_radonkarte.jpg 1060w\" sizes=\"auto, (max-width: 1024px) 100vw, 1024px\" \/><\/figure>\n\n\n\n<h2 class=\"wp-block-heading\">Agir ensemble pour un environnement d&#8217;apprentissage sain<\/h2>\n\n\n\n<p>Le radon est invisible &#8211; pas notre responsabilit\u00e9. Les personnes qui veillent \u00e0 la s\u00e9curit\u00e9 de l&#8217;air dans les \u00e9tablissements d&#8217;enseignement agissent de mani\u00e8re pr\u00e9voyante et responsable. Que vous soyez une autorit\u00e9, un directeur d&#8217;\u00e9cole ou un parent, chaque \u00e9tape compte.  <\/p>\n\n\n\n<h2 class=\"wp-block-heading\">faparadon : votre partenaire sp\u00e9cialis\u00e9 dans les solutions s\u00e9curis\u00e9es<\/h2>\n\n\n\n<p>Nous accompagnons les \u00e9coles, les communes et les ma\u00eetres d&#8217;ouvrage gr\u00e2ce \u00e0 notre exp\u00e9rience, notre expertise et nos techniques de pointe :<\/p>\n\n\n\n<ul class=\"wp-block-list\">\n<li><strong>Conseil et analyse :<\/strong> nous \u00e9valuons la situation sur le terrain et recommandons des mesures appropri\u00e9es.<\/li>\n\n\n\n<li><strong>R\u00e9novation :<\/strong> de l&#8217;\u00e9tanch\u00e9it\u00e9 \u00e0 l&#8217;installation d&#8217;un syst\u00e8me efficace d&#8217;extraction du radon, nous garantissons la s\u00e9curit\u00e9 des espaces int\u00e9rieurs.<\/li>\n<\/ul>\n\n\n\n<p>Gr\u00e2ce \u00e0 notre focalisation sur la protection contre le radon, nous proposons des solutions qui sont \u00e0 la fois pratiques, efficaces et durables.<\/p>\n\n\n<div id=\"rank-math-faq\" class=\"rank-math-block\">\n<div class=\"rank-math-list \">\n<div id=\"faq-question-1732883010849\" class=\"rank-math-list-item\">\n<h3 class=\"rank-math-question \">Was ist Radon und warum ist es gef\u00e4hrlich?<\/h3>\n<div class=\"rank-math-answer \">\n\n<p>Radon ist ein radioaktives Gas, das aus dem Boden austritt und sich in Geb\u00e4uden ansammeln kann. Es erh\u00f6ht das Risiko f\u00fcr Lungenkrebs, insbesondere bei l\u00e4ngerfristiger Belastung.<\/p>\n\n<\/div>\n<\/div>\n<div id=\"faq-question-1732883030325\" class=\"rank-math-list-item\">\n<h3 class=\"rank-math-question \">Wie gelangt Radon in Schulen und Kinderg\u00e4rten?<\/h3>\n<div class=\"rank-math-answer \">\n\n<p>Radon dringt \u00fcber undichte Fundamente, Risse oder Rohrleitungen in Geb\u00e4ude ein und sammelt sich vor allem in Kellerr\u00e4umen und Erdgeschossen an. Schlechte Bel\u00fcftung beg\u00fcnstigt die Konzentration zus\u00e4tzlich.<\/p>\n\n<\/div>\n<\/div>\n<div id=\"faq-question-1732883062415\" class=\"rank-math-list-item\">\n<h3 class=\"rank-math-question \">Wie kann man feststellen, ob ein Geb\u00e4ude von Radon betroffen ist?<\/h3>\n<div class=\"rank-math-answer \">\n\n<p>Durch Radonmessungen, die mit einfachen und kosteng\u00fcnstigen Ger\u00e4ten \u00fcber mehrere Monate durchgef\u00fchrt werden. Diese liefern zuverl\u00e4ssige Werte zur Beurteilung der Raumluftqualit\u00e4t.<\/p>\n\n<\/div>\n<\/div>\n<div id=\"faq-question-1732883115496\" class=\"rank-math-list-item\">\n<h3 class=\"rank-math-question \">Was kann getan werden, wenn der Radonwert zu hoch ist?<\/h3>\n<div class=\"rank-math-answer \">\n\n<p>Massnahmen wie das Abdichten von Rissen, die Verbesserung der Bel\u00fcftung oder die Installation von Radonabsaugsystemen k\u00f6nnen die Konzentration erheblich reduzieren. In Neubauten k\u00f6nnen spezielle Bautechniken Radonprobleme vorbeugen.<\/p>\n\n<\/div>\n<\/div>\n<div id=\"faq-question-1732883149535\" class=\"rank-math-list-item\">\n<h3 class=\"rank-math-question \">Ist Radon ein Problem in der ganzen Schweiz?<\/h3>\n<div class=\"rank-math-answer \">\n\n<p>Die Belastung variiert je nach Region, mit h\u00f6heren Werten in den Alpen und dem Jura. Dennoch k\u00f6nnen auch in weniger betroffenen Gebieten lokal hohe Werte auftreten, weshalb Messungen \u00fcberall sinnvoll sind.<\/p>\n\n<\/div>\n<\/div>\n<\/div>\n<\/div>","protected":false},"excerpt":{"rendered":"<p>Le radon, un gaz radioactif dangereux provenant du sol, est souvent sous-estim\u00e9. Le radon dans les \u00e9coles et les jardins d&#8217;enfants : il faut agir. <\/p>\n","protected":false},"author":11,"featured_media":6729,"comment_status":"open","ping_status":"open","sticky":false,"template":"","format":"standard","meta":{"_acf_changed":false,"footnotes":"","_wpscppro_dont_share_socialmedia":false,"_wpscppro_custom_social_share_image":0,"_facebook_share_type":"","_twitter_share_type":"","_linkedin_share_type":"","_pinterest_share_type":"","_linkedin_share_type_page":"","_instagram_share_type":"","_medium_share_type":"","_threads_share_type":"","_google_business_share_type":"","_selected_social_profile":[],"_wpsp_enable_custom_social_template":false,"_wpsp_social_scheduling":{"enabled":false,"datetime":null,"platforms":[],"status":"template_only","dateOption":"today","timeOption":"now","customDays":"","customHours":"","customDate":"","customTime":"","schedulingType":"absolute"},"_wpsp_active_default_template":true},"categories":[199],"tags":[221],"experts":[],"class_list":["post-6771","post","type-post","status-publish","format-standard","has-post-thumbnail","hentry","category-faparadon-ch-fr","tag-actualites"],"acf":[],"_links":{"self":[{"href":"https:\/\/986583d8-f056-4bb2-8671-788a4dfd7230.seg14.hubblecommerce.io\/fr\/wp-json\/wp\/v2\/posts\/6771","targetHints":{"allow":["GET"]}}],"collection":[{"href":"https:\/\/986583d8-f056-4bb2-8671-788a4dfd7230.seg14.hubblecommerce.io\/fr\/wp-json\/wp\/v2\/posts"}],"about":[{"href":"https:\/\/986583d8-f056-4bb2-8671-788a4dfd7230.seg14.hubblecommerce.io\/fr\/wp-json\/wp\/v2\/types\/post"}],"author":[{"embeddable":true,"href":"https:\/\/986583d8-f056-4bb2-8671-788a4dfd7230.seg14.hubblecommerce.io\/fr\/wp-json\/wp\/v2\/users\/11"}],"replies":[{"embeddable":true,"href":"https:\/\/986583d8-f056-4bb2-8671-788a4dfd7230.seg14.hubblecommerce.io\/fr\/wp-json\/wp\/v2\/comments?post=6771"}],"version-history":[{"count":4,"href":"https:\/\/986583d8-f056-4bb2-8671-788a4dfd7230.seg14.hubblecommerce.io\/fr\/wp-json\/wp\/v2\/posts\/6771\/revisions"}],"predecessor-version":[{"id":8451,"href":"https:\/\/986583d8-f056-4bb2-8671-788a4dfd7230.seg14.hubblecommerce.io\/fr\/wp-json\/wp\/v2\/posts\/6771\/revisions\/8451"}],"wp:featuredmedia":[{"embeddable":true,"href":"https:\/\/986583d8-f056-4bb2-8671-788a4dfd7230.seg14.hubblecommerce.io\/fr\/wp-json\/wp\/v2\/media\/6729"}],"wp:attachment":[{"href":"https:\/\/986583d8-f056-4bb2-8671-788a4dfd7230.seg14.hubblecommerce.io\/fr\/wp-json\/wp\/v2\/media?parent=6771"}],"wp:term":[{"taxonomy":"category","embeddable":true,"href":"https:\/\/986583d8-f056-4bb2-8671-788a4dfd7230.seg14.hubblecommerce.io\/fr\/wp-json\/wp\/v2\/categories?post=6771"},{"taxonomy":"post_tag","embeddable":true,"href":"https:\/\/986583d8-f056-4bb2-8671-788a4dfd7230.seg14.hubblecommerce.io\/fr\/wp-json\/wp\/v2\/tags?post=6771"},{"taxonomy":"experts","embeddable":true,"href":"https:\/\/986583d8-f056-4bb2-8671-788a4dfd7230.seg14.hubblecommerce.io\/fr\/wp-json\/wp\/v2\/experts?post=6771"}],"curies":[{"name":"wp","href":"https:\/\/api.w.org\/{rel}","templated":true}]}}