{"id":6638,"date":"2024-11-26T08:36:59","date_gmt":"2024-11-26T08:36:59","guid":{"rendered":"https:\/\/986583d8-f056-4bb2-8671-788a4dfd7230.seg14.hubblecommerce.io\/histoire-du-radon-la-decouverte-dun-compagnon-invisible\/"},"modified":"2025-08-15T11:53:34","modified_gmt":"2025-08-15T11:53:34","slug":"histoire-du-radon-la-decouverte-dun-compagnon-invisible","status":"publish","type":"post","link":"https:\/\/986583d8-f056-4bb2-8671-788a4dfd7230.seg14.hubblecommerce.io\/fr\/histoire-du-radon-la-decouverte-dun-compagnon-invisible\/","title":{"rendered":"Histoire du radon : la d\u00e9couverte d&#8217;un compagnon invisible"},"content":{"rendered":"\n<figure class=\"wp-block-image size-large\"><img loading=\"lazy\" decoding=\"async\" width=\"1024\" height=\"631\" src=\"https:\/\/986583d8-f056-4bb2-8671-788a4dfd7230.seg14.hubblecommerce.io\/wp-content\/uploads\/2024\/11\/faparadon_Banner_Geschichte_Radon-1024x631.jpg\" alt=\"Personne portant une veste en jean et un livre devant des formules comme image symbolique de l'histoire du radon. Image de a href=\"https:\/\/pixabay.com\/de\/users\/geralt-9301\/?utm_source=link-attribution&amp;utm_medium=referral&amp;utm_campaign=image&amp;utm_content=4126483\"&lt;encoded_tag_closed \/&gt;Gerd Altmann\/a&lt;encoded_tag_closed \/&gt; sur a href=\"https:\/\/pixabay.com\/fr\/\/?utm_source=link-attribution&amp;utm_medium=referral&amp;utm_campaign=image&amp;utm_content=4126483\"&lt;encoded_tag_closed \/&gt;Pixabay\/a&lt;encoded_tag_closed \/&gt;\" class=\"wp-image-6628\" srcset=\"https:\/\/986583d8-f056-4bb2-8671-788a4dfd7230.seg14.hubblecommerce.io\/wp-content\/uploads\/2024\/11\/faparadon_Banner_Geschichte_Radon-1024x631.jpg 1024w, https:\/\/986583d8-f056-4bb2-8671-788a4dfd7230.seg14.hubblecommerce.io\/wp-content\/uploads\/2024\/11\/faparadon_Banner_Geschichte_Radon-300x185.jpg 300w, https:\/\/986583d8-f056-4bb2-8671-788a4dfd7230.seg14.hubblecommerce.io\/wp-content\/uploads\/2024\/11\/faparadon_Banner_Geschichte_Radon-768x473.jpg 768w, https:\/\/986583d8-f056-4bb2-8671-788a4dfd7230.seg14.hubblecommerce.io\/wp-content\/uploads\/2024\/11\/faparadon_Banner_Geschichte_Radon.jpg 1060w\" sizes=\"auto, (max-width: 1024px) 100vw, 1024px\" \/><\/figure>\n\n\n\n<p><strong>Lorsque nous pensons aux risques pour la sant\u00e9 dans nos habitations, les moisissures, les polluants ou les particules fines nous viennent souvent \u00e0 l&#8217;esprit. Mais le radon ? Rares sont ceux qui ont ce gaz invisible sur leur radar. Pourtant, il nous accompagne depuis la nuit des temps &#8211; et a \u00e9t\u00e9 d\u00e9couvert pour la premi\u00e8re fois il y a plus de 100 ans. Cet article raconte l&#8217;histoire passionnante de l&#8217;un des risques les plus invisibles dans nos maisons.    <\/strong><\/p>\n\n\n\n<h2 class=\"wp-block-heading\">Qu&#8217;est-ce que le radon au juste ?<\/h2>\n\n\n\n<p>Le radon est un gaz rare radioactif d&#8217;origine naturelle, issu de la d\u00e9sint\u00e9gration de l&#8217;uranium et du thorium dans la cro\u00fbte terrestre. Il est incolore, inodore et insipide et peut s&#8217;infiltrer dans les b\u00e2timents \u00e0 partir du sol par des fissures, des crevasses ou des roches poreuses. En Suisse, le radon est un sujet particulier, car il existe de nombreuses zones o\u00f9 le rayonnement naturel est \u00e9lev\u00e9.Le radon est un gaz rare radioactif d&#8217;origine naturelle, issu de la d\u00e9sint\u00e9gration de l&#8217;uranium et du thorium dans la cro\u00fbte terrestre. Comme il est gazeux, il peut s&#8217;infiltrer dans les b\u00e2timents par les pores du sol ou les fissures de la roche. Ce gaz est particuli\u00e8rement pr\u00e9occupant dans les r\u00e9gions o\u00f9 la concentration d&#8217;uranium ou de radium est \u00e9lev\u00e9e, comme en Suisse.    <\/p>\n\n\n\n<h2 class=\"wp-block-heading\">La d\u00e9couverte du radon : les grandes \u00e9tapes d&#8217;un voyage scientifique<\/h2>\n\n\n\n<p>L&#8217;histoire du radon a commenc\u00e9 \u00e0 la fin du 19\u00e8me si\u00e8cle, \u00e0 une \u00e9poque o\u00f9 la science commen\u00e7ait \u00e0 percer les secrets de la radioactivit\u00e9.<\/p>\n\n\n\n<ul class=\"wp-block-list\">\n<li><strong>1899 : premi\u00e8res indications par Rutherford et Owens<\/strong><br>Ernest Rutherford et Robert B. Owens ont d\u00e9couvert que les compos\u00e9s du thorium lib\u00e8rent un gaz radioactif. Ils l&#8217;ont appel\u00e9 &#8220;\u00e9manation de thorium&#8221;. En m\u00eame temps, ils ont observ\u00e9 que le gaz avait une courte dur\u00e9e de vie &#8211; un ph\u00e9nom\u00e8ne qui a laiss\u00e9 les scientifiques perplexes.  <\/li>\n\n\n\n<li><strong>1900 : Le radium comme source de radon<\/strong><br>Le physicien allemand Friedrich Ernst Dorn a d\u00e9couvert que le radium \u00e9mettait \u00e9galement un gaz radioactif. Il l&#8217;a d&#8217;abord appel\u00e9 &#8220;\u00e9manation de radium&#8221;. Les bases \u00e9taient ainsi pos\u00e9es pour identifier le radon comme un \u00e9l\u00e9ment \u00e0 part enti\u00e8re.  <\/li>\n\n\n\n<li><strong>1908 : Isolation chimique<\/strong><br>William Ramsay, d\u00e9j\u00e0 connu pour la d\u00e9couverte de plusieurs gaz rares, et Robert Whytlaw-Gray ont isol\u00e9 le radon pour la premi\u00e8re fois. Ils ont d\u00e9termin\u00e9 sa densit\u00e9 et ont montr\u00e9 qu&#8217;il s&#8217;agissait du gaz le plus lourd connu. Au d\u00e9but, le gaz \u00e9tait appel\u00e9 &#8220;niton&#8221;, d\u00e9riv\u00e9 du mot latin signifiant &#8220;lumineux&#8221;. Cependant, cela \u00e9tait d\u00fb \u00e0 un malentendu sur ses propri\u00e9t\u00e9s, car le radon lui-m\u00eame ne brille pas de mani\u00e8re visible.   <\/li>\n\n\n\n<li><strong>1923 : le nom de radon devient officiel <\/strong><br>Ce n&#8217;est qu&#8217;en 1923 que l&#8217;\u00e9l\u00e9ment a re\u00e7u son nom actuel de &#8220;radon&#8221;, en hommage \u00e0 son origine dans la d\u00e9sint\u00e9gration du radium. La communaut\u00e9 scientifique disposait alors d&#8217;une base pour mieux comprendre les effets du radon sur l&#8217;homme et l&#8217;environnement. <\/li>\n<\/ul>\n\n\n\n<h2 class=\"wp-block-heading\">Pourquoi le radon est-il pertinent pour nous aujourd&#8217;hui ?<\/h2>\n\n\n\n<p>Le radon n&#8217;est pas seulement une curiosit\u00e9 historique &#8211; il est aujourd&#8217;hui la deuxi\u00e8me cause de cancer du poumon apr\u00e8s le tabagisme. Il peut \u00eatre particuli\u00e8rement dangereux \u00e0 l&#8217;int\u00e9rieur des b\u00e2timents. Le gaz s&#8217;infiltre dans les b\u00e2timents \u00e0 partir du sol, s&#8217;accumule dans les pi\u00e8ces mal ventil\u00e9es et est absorb\u00e9 lorsqu&#8217;il est inhal\u00e9.    <\/p>\n\n\n\n<p>En Suisse, certaines r\u00e9gions sont consid\u00e9r\u00e9es comme des zones \u00e0 haut risque de radon. Dans ces zones, l&#8217;accent est mis sur la r\u00e9duction des concentrations de radon par des mesures de construction. <\/p>\n\n\n\n<h2 class=\"wp-block-heading\">Comment reconna\u00eetre une exposition au radon ?<\/h2>\n\n\n\n<p>Le radon ne peut pas \u00eatre vu, senti ou go\u00fbt\u00e9. La seule fa\u00e7on de v\u00e9rifier les niveaux de radon \u00e0 l&#8217;int\u00e9rieur est de les mesurer. Celle-ci devrait id\u00e9alement \u00eatre effectu\u00e9e sur plusieurs mois afin d&#8217;obtenir une image pr\u00e9cise. Le contr\u00f4le du radon est particuli\u00e8rement utile dans les nouvelles constructions et les b\u00e2timents r\u00e9nov\u00e9s, car les m\u00e9thodes de construction modernes assurent souvent une meilleure \u00e9tanch\u00e9it\u00e9 &#8211; ce qui peut toutefois aussi conduire \u00e0 l&#8217;emprisonnement du radon.   <\/p>\n\n\n\n<h4 class=\"wp-block-heading\">\u00c9tude de cas : le radon et la construction suisse<\/h4>\n\n\n\n<p>Dans les r\u00e9gions alpines de Suisse, on rencontre souvent des niveaux \u00e9lev\u00e9s de radon. Un exemple : une maison individuelle a montr\u00e9 des valeurs largement sup\u00e9rieures \u00e0 la valeur de r\u00e9f\u00e9rence de 300 Bq\/m\u00b3 lors d&#8217;une mesure. Apr\u00e8s l&#8217;\u00e9tanch\u00e9ification de la dalle de sol et l&#8217;installation d&#8217;un syst\u00e8me d&#8217;aspiration sous le plancher, la charge a pu \u00eatre consid\u00e9rablement r\u00e9duite. Cela montre que le radon est mesurable et ma\u00eetrisable.   <\/p>\n\n\n\n<h2 class=\"wp-block-heading\">Ce que vous pouvez faire aujourd&#8217;hui ?<\/h2>\n\n\n\n<p><strong>Pour les propri\u00e9taires priv\u00e9s :<\/strong> mesurez les niveaux de radon dans votre maison, en particulier si vous habitez dans une zone \u00e0 forte concentration de radon. Si les niveaux d\u00e9passent la valeur de r\u00e9f\u00e9rence, il existe des solutions constructives simples pour minimiser le risque. <\/p>\n\n\n\n<p><strong>Pour les architectes et les concepteurs de b\u00e2timents :<\/strong> pr\u00e9voyez d\u00e8s le d\u00e9part des m\u00e9thodes de construction \u00e0 l&#8217;\u00e9preuve du radon. Cela signifie veiller \u00e0 ce que les dalles de sol soient \u00e9tanches, int\u00e9grer des syst\u00e8mes de ventilation sp\u00e9ciaux et prendre en compte l&#8217;influence du sol de construction. <\/p>\n\n\n\n<p><strong>Pour le grand public :<\/strong> les connaissances sur le radon devraient \u00eatre plus largement diffus\u00e9es. Plus les gens sont inform\u00e9s, plus il est facile d&#8217;agir pr\u00e9ventivement. <\/p>\n\n\n\n<h2 class=\"wp-block-heading\">Conclusion : histoire oblige &#8211; pour notre sant\u00e9 d&#8217;aujourd&#8217;hui<\/h2>\n\n\n\n<p>L&#8217;histoire de la d\u00e9couverte du radon montre \u00e0 quel point ce gaz nous accompagne depuis longtemps. Aujourd&#8217;hui, nous disposons des connaissances et des techniques n\u00e9cessaires pour le g\u00e9rer en toute s\u00e9curit\u00e9. \u00catre inform\u00e9 permet d&#8217;agir &#8211; et de prot\u00e9ger sa maison \u00e0 long terme.  <\/p>\n\n\n\n<figure class=\"wp-block-gallery has-nested-images columns-default is-cropped wp-block-gallery-1 is-layout-flex wp-block-gallery-is-layout-flex\">\n<figure class=\"wp-block-image size-large\"><img loading=\"lazy\" decoding=\"async\" width=\"1024\" height=\"631\" data-id=\"6632\" src=\"https:\/\/986583d8-f056-4bb2-8671-788a4dfd7230.seg14.hubblecommerce.io\/wp-content\/uploads\/2024\/11\/faparadon_Radonsaugen-1024x631.jpg\" alt=\"Histoire du radon - Installation d'appareils au sous-sol  \" class=\"wp-image-6632\" srcset=\"https:\/\/986583d8-f056-4bb2-8671-788a4dfd7230.seg14.hubblecommerce.io\/wp-content\/uploads\/2024\/11\/faparadon_Radonsaugen-1024x631.jpg 1024w, https:\/\/986583d8-f056-4bb2-8671-788a4dfd7230.seg14.hubblecommerce.io\/wp-content\/uploads\/2024\/11\/faparadon_Radonsaugen-300x185.jpg 300w, https:\/\/986583d8-f056-4bb2-8671-788a4dfd7230.seg14.hubblecommerce.io\/wp-content\/uploads\/2024\/11\/faparadon_Radonsaugen-768x473.jpg 768w, https:\/\/986583d8-f056-4bb2-8671-788a4dfd7230.seg14.hubblecommerce.io\/wp-content\/uploads\/2024\/11\/faparadon_Radonsaugen.jpg 1060w\" sizes=\"auto, (max-width: 1024px) 100vw, 1024px\" \/><\/figure>\n\n\n\n<figure class=\"wp-block-image size-large\"><img loading=\"lazy\" decoding=\"async\" width=\"1024\" height=\"631\" data-id=\"6631\" src=\"https:\/\/986583d8-f056-4bb2-8671-788a4dfd7230.seg14.hubblecommerce.io\/wp-content\/uploads\/2024\/11\/faparadon_RS100-1024x631.jpg\" alt=\"Histoire de Radon - Aspirateur de radon RS200\" class=\"wp-image-6631\" srcset=\"https:\/\/986583d8-f056-4bb2-8671-788a4dfd7230.seg14.hubblecommerce.io\/wp-content\/uploads\/2024\/11\/faparadon_RS100-1024x631.jpg 1024w, https:\/\/986583d8-f056-4bb2-8671-788a4dfd7230.seg14.hubblecommerce.io\/wp-content\/uploads\/2024\/11\/faparadon_RS100-300x185.jpg 300w, https:\/\/986583d8-f056-4bb2-8671-788a4dfd7230.seg14.hubblecommerce.io\/wp-content\/uploads\/2024\/11\/faparadon_RS100-768x473.jpg 768w, https:\/\/986583d8-f056-4bb2-8671-788a4dfd7230.seg14.hubblecommerce.io\/wp-content\/uploads\/2024\/11\/faparadon_RS100.jpg 1060w\" sizes=\"auto, (max-width: 1024px) 100vw, 1024px\" \/><\/figure>\n\n\n\n<figure class=\"wp-block-image size-large\"><img loading=\"lazy\" decoding=\"async\" width=\"1024\" height=\"631\" data-id=\"6633\" src=\"https:\/\/986583d8-f056-4bb2-8671-788a4dfd7230.seg14.hubblecommerce.io\/wp-content\/uploads\/2024\/11\/faparadon_R2-1024x631.jpg\" alt=\"Histoire de Radon - Appareils R2\" class=\"wp-image-6633\" srcset=\"https:\/\/986583d8-f056-4bb2-8671-788a4dfd7230.seg14.hubblecommerce.io\/wp-content\/uploads\/2024\/11\/faparadon_R2-1024x631.jpg 1024w, https:\/\/986583d8-f056-4bb2-8671-788a4dfd7230.seg14.hubblecommerce.io\/wp-content\/uploads\/2024\/11\/faparadon_R2-300x185.jpg 300w, https:\/\/986583d8-f056-4bb2-8671-788a4dfd7230.seg14.hubblecommerce.io\/wp-content\/uploads\/2024\/11\/faparadon_R2-768x473.jpg 768w, https:\/\/986583d8-f056-4bb2-8671-788a4dfd7230.seg14.hubblecommerce.io\/wp-content\/uploads\/2024\/11\/faparadon_R2.jpg 1060w\" sizes=\"auto, (max-width: 1024px) 100vw, 1024px\" \/><\/figure>\n\n\n\n<figure class=\"wp-block-image size-large\"><img loading=\"lazy\" decoding=\"async\" width=\"1024\" height=\"631\" data-id=\"6634\" src=\"https:\/\/986583d8-f056-4bb2-8671-788a4dfd7230.seg14.hubblecommerce.io\/wp-content\/uploads\/2024\/11\/faparadon_Radonsaugen_2-1024x631.jpg\" alt=\"Histoire du radon - Appareils R2 et filtres Hepa sur installation murale  \" class=\"wp-image-6634\" srcset=\"https:\/\/986583d8-f056-4bb2-8671-788a4dfd7230.seg14.hubblecommerce.io\/wp-content\/uploads\/2024\/11\/faparadon_Radonsaugen_2-1024x631.jpg 1024w, https:\/\/986583d8-f056-4bb2-8671-788a4dfd7230.seg14.hubblecommerce.io\/wp-content\/uploads\/2024\/11\/faparadon_Radonsaugen_2-300x185.jpg 300w, https:\/\/986583d8-f056-4bb2-8671-788a4dfd7230.seg14.hubblecommerce.io\/wp-content\/uploads\/2024\/11\/faparadon_Radonsaugen_2-768x473.jpg 768w, https:\/\/986583d8-f056-4bb2-8671-788a4dfd7230.seg14.hubblecommerce.io\/wp-content\/uploads\/2024\/11\/faparadon_Radonsaugen_2.jpg 1060w\" sizes=\"auto, (max-width: 1024px) 100vw, 1024px\" \/><\/figure>\n<\/figure>\n\n\n<div id=\"rank-math-faq\" class=\"rank-math-block\">\n<div class=\"rank-math-list \">\n<div id=\"faq-question-1732614524588\" class=\"rank-math-list-item\">\n<h3 class=\"rank-math-question \">Wann wurde Radon entdeckt?<\/h3>\n<div class=\"rank-math-answer \">\n\n<p>Radon wurde 1900 vom deutschen Physiker Friedrich Ernst Dorn entdeckt, als er feststellte, dass Radium ein radioaktives Gas abgibt. Dieses nannte er zun\u00e4chst &#8220;Radium-Emanation&#8221;.<\/p>\n\n<\/div>\n<\/div>\n<div id=\"faq-question-1732614548322\" class=\"rank-math-list-item\">\n<h3 class=\"rank-math-question \">Wer waren die entscheidenden Wissenschaftler hinter der Entdeckung von Radon?<\/h3>\n<div class=\"rank-math-answer \">\n\n<p>Friedrich Ernst Dorn entdeckte das Gas, w\u00e4hrend William Ramsay und Robert Whytlaw-Gray es 1908 erstmals isolierten und seine Eigenschaften wie die Dichte untersuchten. Ramsay gab dem Gas anfangs den Namen &#8220;Niton&#8221;.<\/p>\n\n<\/div>\n<\/div>\n<div id=\"faq-question-1732614576974\" class=\"rank-math-list-item\">\n<h3 class=\"rank-math-question \">Warum war die Entdeckung von Radon so bedeutend?<\/h3>\n<div class=\"rank-math-answer \">\n\n<p>Die Entdeckung von Radon trug wesentlich dazu bei, die Mechanismen der Radioaktivit\u00e4t zu verstehen. Sie zeigte, dass radioaktive Elemente wie Uran und Radium instabile Zerfallsprodukte freisetzen, die ebenfalls radioaktiv sind.<\/p>\n\n<\/div>\n<\/div>\n<div id=\"faq-question-1732614606594\" class=\"rank-math-list-item\">\n<h3 class=\"rank-math-question \">Wie entstand Radon in der Natur?<\/h3>\n<div class=\"rank-math-answer \">\n\n<p>Radon entsteht durch den Zerfall von Uran und Thorium in der Erdkruste. Dieser Prozess setzt sich \u00fcber Millionen von Jahren fort und erzeugt das Gas, das durch Gestein und Boden an die Oberfl\u00e4che gelangt.<\/p>\n\n<\/div>\n<\/div>\n<div id=\"faq-question-1732614641802\" class=\"rank-math-list-item\">\n<h3 class=\"rank-math-question \">Wie kam es zum heutigen Namen &#8220;Radon&#8221;?<\/h3>\n<div class=\"rank-math-answer \">\n\n<p>Der Name &#8220;Radon&#8221; wurde 1923 offiziell eingef\u00fchrt, da das Gas ein Zerfallsprodukt von Radium ist. Fr\u00fchere Bezeichnungen wie &#8220;Radium-Emanation&#8221; oder &#8220;Niton&#8221; wurden abgel\u00f6st, um den Zusammenhang mit Radium klarer zu machen.<\/p>\n\n<\/div>\n<\/div>\n<\/div>\n<\/div>","protected":false},"excerpt":{"rendered":"<p>La d\u00e9couverte du radon remonte \u00e0 plus d&#8217;un si\u00e8cle &#8211; mais ses effets sont plus actuels que jamais. D\u00e9couvrez comment ce gaz rare invisible a \u00e9t\u00e9 d\u00e9couvert et pourquoi il joue aujourd&#8217;hui un r\u00f4le s\u00e9rieux dans notre sant\u00e9. <\/p>\n","protected":false},"author":22,"featured_media":6629,"comment_status":"open","ping_status":"open","sticky":false,"template":"","format":"standard","meta":{"_acf_changed":false,"footnotes":"","_wpscppro_dont_share_socialmedia":false,"_wpscppro_custom_social_share_image":0,"_facebook_share_type":"","_twitter_share_type":"","_linkedin_share_type":"","_pinterest_share_type":"","_linkedin_share_type_page":"","_instagram_share_type":"","_medium_share_type":"","_threads_share_type":"","_google_business_share_type":"","_selected_social_profile":[],"_wpsp_enable_custom_social_template":false,"_wpsp_social_scheduling":{"enabled":false,"datetime":null,"platforms":[],"status":"template_only","dateOption":"today","timeOption":"now","customDays":"","customHours":"","customDate":"","customTime":"","schedulingType":"absolute"},"_wpsp_active_default_template":true},"categories":[199],"tags":[221],"experts":[],"class_list":["post-6638","post","type-post","status-publish","format-standard","has-post-thumbnail","hentry","category-faparadon-ch-fr","tag-actualites"],"acf":[],"_links":{"self":[{"href":"https:\/\/986583d8-f056-4bb2-8671-788a4dfd7230.seg14.hubblecommerce.io\/fr\/wp-json\/wp\/v2\/posts\/6638","targetHints":{"allow":["GET"]}}],"collection":[{"href":"https:\/\/986583d8-f056-4bb2-8671-788a4dfd7230.seg14.hubblecommerce.io\/fr\/wp-json\/wp\/v2\/posts"}],"about":[{"href":"https:\/\/986583d8-f056-4bb2-8671-788a4dfd7230.seg14.hubblecommerce.io\/fr\/wp-json\/wp\/v2\/types\/post"}],"author":[{"embeddable":true,"href":"https:\/\/986583d8-f056-4bb2-8671-788a4dfd7230.seg14.hubblecommerce.io\/fr\/wp-json\/wp\/v2\/users\/22"}],"replies":[{"embeddable":true,"href":"https:\/\/986583d8-f056-4bb2-8671-788a4dfd7230.seg14.hubblecommerce.io\/fr\/wp-json\/wp\/v2\/comments?post=6638"}],"version-history":[{"count":4,"href":"https:\/\/986583d8-f056-4bb2-8671-788a4dfd7230.seg14.hubblecommerce.io\/fr\/wp-json\/wp\/v2\/posts\/6638\/revisions"}],"predecessor-version":[{"id":8495,"href":"https:\/\/986583d8-f056-4bb2-8671-788a4dfd7230.seg14.hubblecommerce.io\/fr\/wp-json\/wp\/v2\/posts\/6638\/revisions\/8495"}],"wp:featuredmedia":[{"embeddable":true,"href":"https:\/\/986583d8-f056-4bb2-8671-788a4dfd7230.seg14.hubblecommerce.io\/fr\/wp-json\/wp\/v2\/media\/6629"}],"wp:attachment":[{"href":"https:\/\/986583d8-f056-4bb2-8671-788a4dfd7230.seg14.hubblecommerce.io\/fr\/wp-json\/wp\/v2\/media?parent=6638"}],"wp:term":[{"taxonomy":"category","embeddable":true,"href":"https:\/\/986583d8-f056-4bb2-8671-788a4dfd7230.seg14.hubblecommerce.io\/fr\/wp-json\/wp\/v2\/categories?post=6638"},{"taxonomy":"post_tag","embeddable":true,"href":"https:\/\/986583d8-f056-4bb2-8671-788a4dfd7230.seg14.hubblecommerce.io\/fr\/wp-json\/wp\/v2\/tags?post=6638"},{"taxonomy":"experts","embeddable":true,"href":"https:\/\/986583d8-f056-4bb2-8671-788a4dfd7230.seg14.hubblecommerce.io\/fr\/wp-json\/wp\/v2\/experts?post=6638"}],"curies":[{"name":"wp","href":"https:\/\/api.w.org\/{rel}","templated":true}]}}