{"id":6445,"date":"2024-11-01T12:17:23","date_gmt":"2024-11-01T12:17:23","guid":{"rendered":"https:\/\/986583d8-f056-4bb2-8671-788a4dfd7230.seg14.hubblecommerce.io\/valeurs-de-mesure-du-radon-et-unites-de-mesure-un-guide-complet\/"},"modified":"2025-08-15T11:50:25","modified_gmt":"2025-08-15T11:50:25","slug":"valeurs-de-mesure-du-radon-et-unites-de-mesure-un-guide-complet","status":"publish","type":"post","link":"https:\/\/986583d8-f056-4bb2-8671-788a4dfd7230.seg14.hubblecommerce.io\/fr\/valeurs-de-mesure-du-radon-et-unites-de-mesure-un-guide-complet\/","title":{"rendered":"Valeurs de mesure du radon et unit\u00e9s de mesure : Un guide complet"},"content":{"rendered":"\n<figure class=\"wp-block-image size-large\"><img loading=\"lazy\" decoding=\"async\" width=\"1024\" height=\"631\" src=\"https:\/\/986583d8-f056-4bb2-8671-788a4dfd7230.seg14.hubblecommerce.io\/wp-content\/uploads\/2024\/11\/Banner_Radon-1024x631.jpg\" alt=\"Dessin en coupe d'une maison individuelle avec symbole de radioactivit\u00e9 dans le sol sur le th\u00e8me des valeurs mesur\u00e9es de radon.\" class=\"wp-image-6442\" srcset=\"https:\/\/986583d8-f056-4bb2-8671-788a4dfd7230.seg14.hubblecommerce.io\/wp-content\/uploads\/2024\/11\/Banner_Radon-1024x631.jpg 1024w, https:\/\/986583d8-f056-4bb2-8671-788a4dfd7230.seg14.hubblecommerce.io\/wp-content\/uploads\/2024\/11\/Banner_Radon-300x185.jpg 300w, https:\/\/986583d8-f056-4bb2-8671-788a4dfd7230.seg14.hubblecommerce.io\/wp-content\/uploads\/2024\/11\/Banner_Radon-768x473.jpg 768w, https:\/\/986583d8-f056-4bb2-8671-788a4dfd7230.seg14.hubblecommerce.io\/wp-content\/uploads\/2024\/11\/Banner_Radon.jpg 1060w\" sizes=\"auto, (max-width: 1024px) 100vw, 1024px\" \/><\/figure>\n\n\n\n<p><strong>Pour les professionnels tels que les sp\u00e9cialistes de l&#8217;assainissement du radon, les propri\u00e9taires d&#8217;immeubles, les communes, les autorit\u00e9s, les concepteurs de b\u00e2timents et les architectes, il est essentiel de conna\u00eetre et de comprendre les valeurs mesur\u00e9es et les unit\u00e9s de mesure du radon. Ce guide clarifie les unit\u00e9s, les valeurs de r\u00e9f\u00e9rence et l&#8217;interpr\u00e9tation des mesures de radon. <\/strong><\/p>\n\n\n\n<h2 class=\"wp-block-heading\">L&#8217;unit\u00e9 de mesure : Becquerel par m\u00e8tre cube (Bq\/m\u00b3)<\/h2>\n\n\n\n<p>La concentration de radon dans l&#8217;air ambiant est exprim\u00e9e en becquerels par m\u00e8tre cube d&#8217;air (Bq\/m\u00b3). Un becquerel repr\u00e9sente une d\u00e9sint\u00e9gration radioactive par seconde &#8211; concr\u00e8tement, combien de d\u00e9sint\u00e9grations ont lieu dans un m\u00e8tre cube d&#8217;air par seconde. Cette unit\u00e9 standardis\u00e9e est essentielle pour l&#8217;\u00e9valuation de l&#8217;exposition au radon. En Suisse et dans la plupart des pays europ\u00e9ens, le Bq\/m\u00b3 est l&#8217;unit\u00e9 standardis\u00e9e pour la concentration de radon.   <\/p>\n\n\n\n<h2 class=\"wp-block-heading\">Niveau de r\u00e9f\u00e9rence suisse : 300 Bq\/m\u00b3<\/h2>\n\n\n\n<p>L&#8217;Office f\u00e9d\u00e9ral de la sant\u00e9 publique (OFSP) recommande un niveau de r\u00e9f\u00e9rence de 300 Bq\/m\u00b3 pour les locaux de s\u00e9jour. Si cette valeur est d\u00e9pass\u00e9e, des mesures de r\u00e9duction de la concentration de radon devraient \u00eatre examin\u00e9es et mises en \u0153uvre. La valeur de r\u00e9f\u00e9rence n&#8217;est pas une limite absolue &#8211; mais une incitation claire \u00e0 agir.  <\/p>\n\n\n\n<h2 class=\"wp-block-heading\">Comment fonctionne la mesure du radon<\/h2>\n\n\n\n<p>Dans la pratique, on distingue les <strong>mesures \u00e0 long terme<\/strong> (au moins 3 mois) avec des d\u00e9tecteurs passifs et <strong>les mesures \u00e0 court terme<\/strong> avec des appareils actifs :<\/p>\n\n\n\n<p><strong>Mesure \u00e0 court terme :<\/strong> utile pour les premi\u00e8res estimations, mais non repr\u00e9sentative de l&#8217;exposition \u00e0 long terme.<\/p>\n\n\n\n<p><strong>Mesure \u00e0 long terme :<\/strong> fournit une image r\u00e9aliste de la charge moyenne. Id\u00e9al pour prendre des d\u00e9cisions. <\/p>\n\n\n\n<h2 class=\"wp-block-heading\">Interpr\u00e9tation des mesures de radon<\/h2>\n\n\n\n<p><strong>0-100 Bq\/m\u00b3 : <\/strong>aucune action n\u00e9cessaire.<br><strong>100-300 Bq\/m\u00b3 :<\/strong> des mesures simples de r\u00e9duction sont recommand\u00e9es.<br><strong>Plus de 300 Bq\/m\u00b3 :<\/strong> des mesures plus complexes ou un assainissement professionnel sont n\u00e9cessaires.<\/p>\n\n\n\n<p>Il est important de consid\u00e9rer les valeurs mesur\u00e9es dans le contexte de l&#8217;utilisation du b\u00e2timent et de la dur\u00e9e de s\u00e9jour des personnes. Dans les \u00e9coles ou les jardins d&#8217;enfants, par exemple, des mesures plus strictes devraient \u00eatre appliqu\u00e9es. <\/p>\n\n\n\n<h2 class=\"wp-block-heading\">Mesures de r\u00e9duction de l&#8217;exposition au radon<\/h2>\n\n\n\n<p>En cas de niveaux \u00e9lev\u00e9s de radon, diff\u00e9rentes mesures sont disponibles :<\/p>\n\n\n\n<ul class=\"wp-block-list\">\n<li><strong>Am\u00e9lioration de la ventilation :<\/strong> une ventilation r\u00e9guli\u00e8re et suffisante peut r\u00e9duire la concentration de radon.<\/li>\n\n\n\n<li><strong>Colmatage des fissures et des fuites :<\/strong> Le colmatage des fissures dans les fondations et les murs emp\u00eache le radon de s&#8217;infiltrer.<\/li>\n\n\n\n<li><strong>Installation de <a href=\"https:\/\/faparadon.ch\/radonabsaugung\" target=\"_blank\" rel=\"noopener\">syst\u00e8mes d&#8217;aspiration du radon<\/a>: <\/strong>Des syst\u00e8mes sp\u00e9ciaux peuvent aspirer le radon sous le b\u00e2timent et l&#8217;\u00e9vacuer vers l&#8217;ext\u00e9rieur.<\/li>\n<\/ul>\n\n\n\n<p>Il est conseill\u00e9 de faire appel \u00e0 des sp\u00e9cialistes en cas de taux de radon \u00e9lev\u00e9 afin de planifier et de mettre en \u0153uvre des mesures appropri\u00e9es.<\/p>\n\n\n\n<h2 class=\"wp-block-heading\">Conclusion<\/h2>\n\n\n\n<p>Les valeurs de mesure du radon sont plus que des chiffres abstraits &#8211; elles constituent une base de d\u00e9cision importante pour la protection de la sant\u00e9. Comprendre les unit\u00e9s, conna\u00eetre les valeurs de r\u00e9f\u00e9rence et les interpr\u00e9ter correctement permet d&#8217;agir de mani\u00e8re cibl\u00e9e. Pour les propri\u00e9taires immobiliers et les professionnels du radon, la r\u00e8gle est la suivante : mieux vaut mesurer une fois de trop que pas assez.  <\/p>\n\n\n<div id=\"rank-math-faq\" class=\"rank-math-block\">\n<div class=\"rank-math-list \">\n<div id=\"faq-question-1730458972689\" class=\"rank-math-list-item\">\n<h3 class=\"rank-math-question \">Was ist Radon und warum ist es gef\u00e4hrlich?<\/h3>\n<div class=\"rank-math-answer \">\n\n<p>Radon ist ein nat\u00fcrlich vorkommendes, radioaktives Edelgas, das durch den Zerfall von Uran im Boden entsteht. Es kann aus dem Untergrund in Geb\u00e4ude gelangen und sich dort anreichern. Beim Einatmen zerf\u00e4llt Radon in der Lunge weiter und setzt dabei Alphastrahlung frei, die das Lungengewebe sch\u00e4digen kann. Langfristige Exposition gegen\u00fcber hohen Radonkonzentrationen erh\u00f6ht das Risiko f\u00fcr Lungenkrebs erheblich. Laut dem Bundesamt f\u00fcr Gesundheit (BAG) ist Radon nach dem Rauchen die zweith\u00e4ufigste Ursache f\u00fcr Lungenkrebs in der Schweiz.<\/p>\n\n<\/div>\n<\/div>\n<div id=\"faq-question-1730458988726\" class=\"rank-math-list-item\">\n<h3 class=\"rank-math-question \">Wie wird die Radonkonzentration gemessen?<\/h3>\n<div class=\"rank-math-answer \">\n\n<p>Die Radonkonzentration wird in Becquerel pro Kubikmeter Luft (Bq\/m\u00b3) gemessen. Ein Becquerel entspricht einem radioaktiven Zerfall pro Sekunde. In der Schweiz und den meisten europ\u00e4ischen L\u00e4ndern ist Bq\/m\u00b3 die standardisierte Einheit f\u00fcr Radonmessungen.<\/p>\n\n<\/div>\n<\/div>\n<div id=\"faq-question-1730459048239\" class=\"rank-math-list-item\">\n<h3 class=\"rank-math-question \">Was ist der Referenzwert f\u00fcr Radon in Innenr\u00e4umen in der Schweiz?<\/h3>\n<div class=\"rank-math-answer \">\n\n<p>Das BAG hat f\u00fcr die Radonkonzentration in Innenr\u00e4umen einen Referenzwert von 300 Bq\/m\u00b3 festgelegt. Wird dieser Wert \u00fcberschritten, empfiehlt das BAG, Massnahmen zur Reduktion der Radonbelastung zu ergreifen. Es ist wichtig zu beachten, dass es sich hierbei um einen Referenzwert und nicht um einen absoluten Grenzwert handelt. Dennoch sollte bei \u00dcberschreitung dieses Wertes gehandelt werden, um die Gesundheit der Bewohner zu sch\u00fctzen.<\/p>\n\n<\/div>\n<\/div>\n<div id=\"faq-question-1730459092111\" class=\"rank-math-list-item\">\n<h3 class=\"rank-math-question \">Wie kann ich die Radonkonzentration in meinem Geb\u00e4ude messen lassen?<\/h3>\n<div class=\"rank-math-answer \">\n\n<p>Um die Radonkonzentration in Ihrem Geb\u00e4ude zu messen, sollten Sie eine anerkannte Radonmessstelle kontaktieren. Das BAG f\u00fchrt eine Liste solcher Messstellen, die die Einhaltung der Anforderungen an eine anerkannte Radonmessung garantieren. F\u00fcr Radonmessungen in Wohngeb\u00e4uden ist eine Expositionszeit von mindestens 90 Tagen w\u00e4hrend der Heizperiode (Oktober\u2013M\u00e4rz) empfohlen.<\/p>\n\n<\/div>\n<\/div>\n<div id=\"faq-question-1730459137184\" class=\"rank-math-list-item\">\n<h3 class=\"rank-math-question \">Welche Massnahmen kann ich ergreifen, wenn die Radonkonzentration in meinem Geb\u00e4ude zu hoch ist?<\/h3>\n<div class=\"rank-math-answer \">\n\n<p>Bei erh\u00f6hten Radonwerten stehen verschiedene Massnahmen zur Verf\u00fcgung:<br \/>&#8211; Verbesserung der L\u00fcftung: Regelm\u00e4ssiges und ausreichendes L\u00fcften kann die Radonkonzentration senken.<br \/>&#8211; Abdichtung von Rissen und Undichtigkeiten: Das Abdichten von Rissen im Fundament und in W\u00e4nden verhindert das Eindringen von Radon.<br \/>&#8211; Installation von Radonabsaugsystemen: Spezielle Systeme k\u00f6nnen Radon unter dem Geb\u00e4ude absaugen und nach aussen ableiten.<br \/>Es ist ratsam, bei erh\u00f6hten Radonwerten Fachleute hinzuzuziehen, um geeignete Massnahmen zu planen und umzusetzen.<\/p>\n\n<\/div>\n<\/div>\n<\/div>\n<\/div>","protected":false},"excerpt":{"rendered":"<p>Comment mesure-t-on le radon, que signifient les valeurs &#8211; et \u00e0 partir de quand cela devient-il critique ? Cet article explique les principales unit\u00e9s et valeurs limites et offre une orientation \u00e9clair\u00e9e aux professionnels et aux personnes int\u00e9ress\u00e9es. <\/p>\n","protected":false},"author":22,"featured_media":6443,"comment_status":"open","ping_status":"open","sticky":false,"template":"","format":"standard","meta":{"_acf_changed":false,"footnotes":"","_wpscppro_dont_share_socialmedia":false,"_wpscppro_custom_social_share_image":0,"_facebook_share_type":"","_twitter_share_type":"","_linkedin_share_type":"","_pinterest_share_type":"","_linkedin_share_type_page":"","_instagram_share_type":"","_medium_share_type":"","_threads_share_type":"","_google_business_share_type":"","_selected_social_profile":[],"_wpsp_enable_custom_social_template":false,"_wpsp_social_scheduling":{"enabled":false,"datetime":null,"platforms":[],"status":"template_only","dateOption":"today","timeOption":"now","customDays":"","customHours":"","customDate":"","customTime":"","schedulingType":"absolute"},"_wpsp_active_default_template":true},"categories":[199],"tags":[221],"experts":[],"class_list":["post-6445","post","type-post","status-publish","format-standard","has-post-thumbnail","hentry","category-faparadon-ch-fr","tag-actualites"],"acf":[],"_links":{"self":[{"href":"https:\/\/986583d8-f056-4bb2-8671-788a4dfd7230.seg14.hubblecommerce.io\/fr\/wp-json\/wp\/v2\/posts\/6445","targetHints":{"allow":["GET"]}}],"collection":[{"href":"https:\/\/986583d8-f056-4bb2-8671-788a4dfd7230.seg14.hubblecommerce.io\/fr\/wp-json\/wp\/v2\/posts"}],"about":[{"href":"https:\/\/986583d8-f056-4bb2-8671-788a4dfd7230.seg14.hubblecommerce.io\/fr\/wp-json\/wp\/v2\/types\/post"}],"author":[{"embeddable":true,"href":"https:\/\/986583d8-f056-4bb2-8671-788a4dfd7230.seg14.hubblecommerce.io\/fr\/wp-json\/wp\/v2\/users\/22"}],"replies":[{"embeddable":true,"href":"https:\/\/986583d8-f056-4bb2-8671-788a4dfd7230.seg14.hubblecommerce.io\/fr\/wp-json\/wp\/v2\/comments?post=6445"}],"version-history":[{"count":2,"href":"https:\/\/986583d8-f056-4bb2-8671-788a4dfd7230.seg14.hubblecommerce.io\/fr\/wp-json\/wp\/v2\/posts\/6445\/revisions"}],"predecessor-version":[{"id":8480,"href":"https:\/\/986583d8-f056-4bb2-8671-788a4dfd7230.seg14.hubblecommerce.io\/fr\/wp-json\/wp\/v2\/posts\/6445\/revisions\/8480"}],"wp:featuredmedia":[{"embeddable":true,"href":"https:\/\/986583d8-f056-4bb2-8671-788a4dfd7230.seg14.hubblecommerce.io\/fr\/wp-json\/wp\/v2\/media\/6443"}],"wp:attachment":[{"href":"https:\/\/986583d8-f056-4bb2-8671-788a4dfd7230.seg14.hubblecommerce.io\/fr\/wp-json\/wp\/v2\/media?parent=6445"}],"wp:term":[{"taxonomy":"category","embeddable":true,"href":"https:\/\/986583d8-f056-4bb2-8671-788a4dfd7230.seg14.hubblecommerce.io\/fr\/wp-json\/wp\/v2\/categories?post=6445"},{"taxonomy":"post_tag","embeddable":true,"href":"https:\/\/986583d8-f056-4bb2-8671-788a4dfd7230.seg14.hubblecommerce.io\/fr\/wp-json\/wp\/v2\/tags?post=6445"},{"taxonomy":"experts","embeddable":true,"href":"https:\/\/986583d8-f056-4bb2-8671-788a4dfd7230.seg14.hubblecommerce.io\/fr\/wp-json\/wp\/v2\/experts?post=6445"}],"curies":[{"name":"wp","href":"https:\/\/api.w.org\/{rel}","templated":true}]}}