{"id":5844,"date":"2024-09-17T06:13:24","date_gmt":"2024-09-17T06:13:24","guid":{"rendered":"https:\/\/986583d8-f056-4bb2-8671-788a4dfd7230.seg14.hubblecommerce.io\/le-radon-en-suisse-un-danger-invisible-et-des-mesures-de-protection-efficaces\/"},"modified":"2025-07-30T14:48:14","modified_gmt":"2025-07-30T14:48:14","slug":"le-radon-en-suisse-un-danger-invisible-et-des-mesures-de-protection-efficaces","status":"publish","type":"post","link":"https:\/\/986583d8-f056-4bb2-8671-788a4dfd7230.seg14.hubblecommerce.io\/fr\/le-radon-en-suisse-un-danger-invisible-et-des-mesures-de-protection-efficaces\/","title":{"rendered":"Le radon en Suisse : un danger invisible et des mesures de protection efficaces"},"content":{"rendered":"\n<figure class=\"wp-block-image size-large\"><img loading=\"lazy\" decoding=\"async\" width=\"1024\" height=\"631\" src=\"https:\/\/986583d8-f056-4bb2-8671-788a4dfd7230.seg14.hubblecommerce.io\/wp-content\/uploads\/2024\/08\/Banner_faparadon-1024x631.jpg\" alt=\"graphique montrant comment le radon p\u00e9n\u00e8tre dans le b\u00e2timent\" class=\"wp-image-5542\" srcset=\"https:\/\/986583d8-f056-4bb2-8671-788a4dfd7230.seg14.hubblecommerce.io\/wp-content\/uploads\/2024\/08\/Banner_faparadon-1024x631.jpg 1024w, https:\/\/986583d8-f056-4bb2-8671-788a4dfd7230.seg14.hubblecommerce.io\/wp-content\/uploads\/2024\/08\/Banner_faparadon-300x185.jpg 300w, https:\/\/986583d8-f056-4bb2-8671-788a4dfd7230.seg14.hubblecommerce.io\/wp-content\/uploads\/2024\/08\/Banner_faparadon-768x473.jpg 768w, https:\/\/986583d8-f056-4bb2-8671-788a4dfd7230.seg14.hubblecommerce.io\/wp-content\/uploads\/2024\/08\/Banner_faparadon.jpg 1060w\" sizes=\"auto, (max-width: 1024px) 100vw, 1024px\" \/><\/figure>\n\n\n\n<p><strong>Le radon est invisible, inodore &#8211; et peut \u00eatre mortel. Ce gaz rare radioactif se forme dans le sol et p\u00e9n\u00e8tre dans les b\u00e2timents par des fissures et des fuites. En Suisse notamment, avec sa diversit\u00e9 g\u00e9ologique, le radon repr\u00e9sente un risque \u00e0 prendre au s\u00e9rieux. Mais la bonne nouvelle est qu&#8217;avec des connaissances ad\u00e9quates et des mesures cibl\u00e9es, il est possible de r\u00e9duire consid\u00e9rablement le danger.   <\/strong><\/p>\n\n\n\n<h2 class=\"wp-block-heading\">Pourquoi le radon est-il un probl\u00e8me particulier en Suisse ?<\/h2>\n\n\n\n<p>La Suisse est g\u00e9ologiquement particuli\u00e8rement vuln\u00e9rable au radon. La raison en est qu&#8217;il y a de nombreuses r\u00e9gions avec des roches granitiques et schisteuses &#8211; par exemple dans les Alpes et le Jura &#8211; qui pr\u00e9sentent souvent des concentrations \u00e9lev\u00e9es de radon. Dans ces r\u00e9gions, les limites maximales recommand\u00e9es par l&#8217;Organisation mondiale de la sant\u00e9 sont souvent largement d\u00e9pass\u00e9es. Cependant, non seulement les zones rurales, mais aussi les agglom\u00e9rations urbaines peuvent pr\u00e9senter des niveaux \u00e9lev\u00e9s de radon si les b\u00e2timents ont \u00e9t\u00e9 construits sur un sol contamin\u00e9 par le radon.   <\/p>\n\n\n\n<p>Le radon se propage principalement par le sol. Les sols perm\u00e9ables comme le sable ou les graviers favorisent la remont\u00e9e du gaz. Par cons\u00e9quent, le niveau de radon varie fortement d&#8217;une r\u00e9gion \u00e0 l&#8217;autre, et m\u00eame des maisons voisines peuvent pr\u00e9senter des niveaux totalement diff\u00e9rents.  <\/p>\n\n\n\n<h2 class=\"wp-block-heading\">Risques sanitaires li\u00e9s au radon<\/h2>\n\n\n\n<p>L&#8217;inhalation de radon et de ses produits de d\u00e9sint\u00e9gration peut avoir des cons\u00e9quences sur la sant\u00e9. En tant que gaz radioactif, le radon est absorb\u00e9 par les poumons, o\u00f9 il peut endommager les tissus et, \u00e0 long terme, provoquer un cancer du poumon. Selon certaines \u00e9tudes, le radon est la deuxi\u00e8me cause de cancer du poumon apr\u00e8s le tabagisme. Les personnes qui passent beaucoup de temps dans des caves ou des rez-de-chauss\u00e9e mal ventil\u00e9s sont particuli\u00e8rement expos\u00e9es, car la concentration de ce gaz peut y \u00eatre particuli\u00e8rement \u00e9lev\u00e9e.   <\/p>\n\n\n\n<h2 class=\"wp-block-heading\">des mesures : Le premier pas vers la s\u00e9curit\u00e9 en mati\u00e8re de radon<\/h2>\n\n\n\n<p>Une mesure pr\u00e9cise de la concentration de radon dans les b\u00e2timents est indispensable pour conna\u00eetre l&#8217;ampleur du probl\u00e8me. Sans une telle mesure, le risque pour la sant\u00e9 reste invisible. Nous proposons des mesures professionnelles du radon adapt\u00e9es aux conditions sp\u00e9cifiques de la Suisse. Ces mesures constituent la base de toutes les \u00e9tapes ult\u00e9rieures visant \u00e0 r\u00e9duire l&#8217;exposition au radon.   <\/p>\n\n\n\n<h2 class=\"wp-block-heading\">Mesures pratiques pour r\u00e9duire le radon<\/h2>\n\n\n\n<p>La r\u00e9duction du radon dans les b\u00e2timents peut se faire de diff\u00e9rentes mani\u00e8res. L&#8217;une des m\u00e9thodes les plus courantes consiste \u00e0 installer des <a href=\"https:\/\/faparadon.ch\/radonabsaugung\" target=\"_blank\" rel=\"noopener\">syst\u00e8mes d&#8217;extraction du radon<\/a> qui aspirent le gaz directement dans le sol sous le b\u00e2timent et le rejettent \u00e0 l&#8217;ext\u00e9rieur. Une autre mesure efficace consiste \u00e0 colmater les fissures et les joints dans les fondations ainsi que dans les murs afin d&#8217;emp\u00eacher le radon de s&#8217;infiltrer. En outre, une meilleure ventilation des espaces int\u00e9rieurs peut aider \u00e0 r\u00e9duire la concentration de radon. Toutes ces mesures doivent cependant \u00eatre adapt\u00e9es \u00e0 l&#8217;\u00e9tat sp\u00e9cifique de la construction et \u00e0 la concentration de radon afin d&#8217;obtenir une efficacit\u00e9 maximale.    <\/p>\n\n\n\n<h2 class=\"wp-block-heading\">Le radon : un sujet de pr\u00e9occupation pour la Conf\u00e9d\u00e9ration, les cantons et les services publics<\/h2>\n\n\n\n<p>La lutte contre le radon n&#8217;est pas seulement une t\u00e2che pour les m\u00e9nages priv\u00e9s, mais aussi un d\u00e9fi pour l&#8217;Etat et les institutions publiques. La Conf\u00e9d\u00e9ration et les cantons ont d\u00e9j\u00e0 d\u00e9velopp\u00e9 de vastes programmes d&#8217;information et de pr\u00e9vention, mais ceux-ci ne sont pas encore connus de tous. En particulier, les \u00e9coles et les \u00e9tablissements publics dans lesquels des personnes s\u00e9journent pendant de longues p\u00e9riodes devraient \u00eatre r\u00e9guli\u00e8rement contr\u00f4l\u00e9s pour d\u00e9tecter la pr\u00e9sence de radon. Il est \u00e9galement important pour les sp\u00e9cialistes de l&#8217;assainissement du radon et les entreprises de construction d&#8217;\u00eatre inform\u00e9s des connaissances et des techniques actuelles de r\u00e9duction du radon afin de pouvoir conseiller et prot\u00e9ger au mieux leurs clients.   <\/p>\n\n\n\n<h2 class=\"wp-block-heading\">La pr\u00e9vention, cl\u00e9 de la protection contre le radon<\/h2>\n\n\n\n<p>La meilleure mesure contre le radon est la pr\u00e9vention. La question de la protection contre le radon devrait \u00eatre prise en compte d\u00e8s la conception des nouveaux b\u00e2timents afin d&#8217;emp\u00eacher la p\u00e9n\u00e9tration du gaz d\u00e8s le d\u00e9part. Cela peut \u00eatre r\u00e9alis\u00e9 par des techniques de construction et des mat\u00e9riaux sp\u00e9ciaux qui emp\u00eachent le gaz de p\u00e9n\u00e9trer. Des mesures de protection contre le radon devraient \u00e9galement \u00eatre int\u00e9gr\u00e9es dans les r\u00e9novations et les transformations afin de garantir la s\u00e9curit\u00e9 future des habitants.   <\/p>\n\n\n\n<h2 class=\"wp-block-heading\">faparadon : votre partenaire en Suisse<\/h2>\n\n\n\n<p>Chez faparadon, nous sommes sp\u00e9cialis\u00e9s dans la mesure et le contr\u00f4le du radon dans les b\u00e2timents. Nos services comprennent des mesures professionnelles du radon, l&#8217;analyse des r\u00e9sultats et la r\u00e9duction des concentrations de radon. Pour ce faire, nous utilisons diff\u00e9rentes m\u00e9thodes telles que l&#8217;\u00e9tanch\u00e9ification, l&#8217;am\u00e9lioration de la ventilation et les syst\u00e8mes d&#8217;aspiration du radon. Notre objectif est de r\u00e9duire la concentration de radon dans les espaces int\u00e9rieurs et de prot\u00e9ger ainsi la sant\u00e9 des occupants. Toutes les mesures sont adapt\u00e9es individuellement aux conditions sp\u00e9cifiques du site.    <\/p>\n\n\n\n<h2 class=\"wp-block-heading\">Conclusion : l&#8217;ennemi invisible chez soi<\/h2>\n\n\n\n<p>Dans l&#8217;ensemble, il appara\u00eet que le radon en Suisse n&#8217;est pas seulement un probl\u00e8me pour les m\u00e9nages concern\u00e9s, mais aussi un d\u00e9fi pour les services publics et l&#8217;industrie du b\u00e2timent. Gr\u00e2ce \u00e0 une pr\u00e9vention cibl\u00e9e et \u00e0 la collaboration avec des sp\u00e9cialistes, il est possible de cr\u00e9er un environnement s\u00fbr dans lequel l&#8217;exposition au radon est efficacement contr\u00f4l\u00e9e et minimis\u00e9e. <\/p>\n\n\n\n<figure class=\"wp-block-image size-large is-resized\"><a href=\"https:\/\/map.geo.admin.ch\/#\/map?lang=de&amp;center=2660000,1190000&amp;z=1&amp;bgLayer=ch.swisstopo.pixelkarte-farbe&amp;topic=ech&amp;layers=ch.bag.radonkarte\" target=\"_blank\" rel=\"noreferrer noopener\"><img loading=\"lazy\" decoding=\"async\" width=\"1024\" height=\"631\" src=\"https:\/\/986583d8-f056-4bb2-8671-788a4dfd7230.seg14.hubblecommerce.io\/wp-content\/uploads\/2024\/08\/faparadon_radonkarte-1024x631.jpg\" alt=\"Carte du radon en Suisse de l'OFSP\" class=\"wp-image-5544\" style=\"width:650px;height:auto\" srcset=\"https:\/\/986583d8-f056-4bb2-8671-788a4dfd7230.seg14.hubblecommerce.io\/wp-content\/uploads\/2024\/08\/faparadon_radonkarte-1024x631.jpg 1024w, https:\/\/986583d8-f056-4bb2-8671-788a4dfd7230.seg14.hubblecommerce.io\/wp-content\/uploads\/2024\/08\/faparadon_radonkarte-300x185.jpg 300w, https:\/\/986583d8-f056-4bb2-8671-788a4dfd7230.seg14.hubblecommerce.io\/wp-content\/uploads\/2024\/08\/faparadon_radonkarte-768x473.jpg 768w, https:\/\/986583d8-f056-4bb2-8671-788a4dfd7230.seg14.hubblecommerce.io\/wp-content\/uploads\/2024\/08\/faparadon_radonkarte.jpg 1060w\" sizes=\"auto, (max-width: 1024px) 100vw, 1024px\" \/><\/a><figcaption class=\"wp-element-caption\">Carte interactive du radon de l&#8217;OFSP<\/figcaption><\/figure>\n\n\n<div id=\"rank-math-faq\" class=\"rank-math-block\">\n<div class=\"rank-math-list \">\n<div id=\"faq-question-1724390770092\" class=\"rank-math-list-item\">\n<h3 class=\"rank-math-question \">Was ist Radon und warum ist es in der Schweiz besonders relevant?<\/h3>\n<div class=\"rank-math-answer \">\n\n<p>Radon ist ein nat\u00fcrlich vorkommendes, radioaktives Edelgas, das beim Zerfall von Uran im Boden entsteht. Aufgrund der geologischen Gegebenheiten in der Schweiz, insbesondere in den Alpen und im Jura, kann Radon in Innenr\u00e4umen gef\u00e4hrlich hohe Konzentrationen erreichen. Radon ist geruchlos und unsichtbar, kann jedoch beim Einatmen das Lungengewebe sch\u00e4digen und das Risiko f\u00fcr Lungenkrebs erh\u00f6hen.<\/p>\n\n<\/div>\n<\/div>\n<div id=\"faq-question-1724390799953\" class=\"rank-math-list-item\">\n<h3 class=\"rank-math-question \">Wie breitet sich Radon aus und welche Gebiete in der Schweiz sind besonders betroffen?<\/h3>\n<div class=\"rank-math-answer \">\n\n<p>Radon gelangt \u00fcber den Boden in die Luft und breitet sich vor allem in durchl\u00e4ssigen B\u00f6den wie Sand, Kies oder Schutthalden aus. In Gebieten mit Spalten oder Karstformationen kann es besonders leicht aufsteigen. In der Schweiz sind hohe Radonkonzentrationen vor allem in den Alpen und im Jura anzutreffen, aber auch im Mittelland k\u00f6nnen einzelne Geb\u00e4ude betroffen sein.<\/p>\n\n<\/div>\n<\/div>\n<div id=\"faq-question-1724390841869\" class=\"rank-math-list-item\">\n<h3 class=\"rank-math-question \">Welche gesundheitlichen Risiken sind mit Radon verbunden?<\/h3>\n<div class=\"rank-math-answer \">\n\n<p>Radon und seine Zerfallsprodukte k\u00f6nnen beim Einatmen in die Lunge gelangen und dort das Gewebe bestrahlen. Langfristig kann dies das Risiko f\u00fcr Lungenkrebs erheblich erh\u00f6hen. Radon ist nach dem Rauchen die zweith\u00e4ufigste Ursache f\u00fcr Lungenkrebs.<\/p>\n\n<\/div>\n<\/div>\n<div id=\"faq-question-1724390871341\" class=\"rank-math-list-item\">\n<h3 class=\"rank-math-question \">Was bietet faparadon an, um Radon in Geb\u00e4uden zu kontrollieren?<\/h3>\n<div class=\"rank-math-answer \">\n\n<p>faparadon spezialisiert sich auf die Messung von Radon in Geb\u00e4uden, die Analyse der Ergebnisse und die Entwicklung von Strategien zur Reduktion der Radonkonzentration. Die Dienstleistungen umfassen Massnahmen wie Abdichtungen, Bel\u00fcftungsverbesserungen und die Installation von Radonabsaugsystemen, die individuell auf den Standort und die geologischen Gegebenheiten abgestimmt werden.<\/p>\n\n<\/div>\n<\/div>\n<div id=\"faq-question-1724390926805\" class=\"rank-math-list-item\">\n<h3 class=\"rank-math-question \">Wie kann man das Risiko durch Radon in Innenr\u00e4umen minimieren?<\/h3>\n<div class=\"rank-math-answer \">\n\n<p>Das Risiko durch Radon kann durch professionelle Radonmessungen und die anschliessende Umsetzung geeigneter Massnahmen zur Reduktion der Radonkonzentration minimiert werden. Diese Massnahmen k\u00f6nnen je nach Geb\u00e4ude und Standort variieren, umfassen aber oft die Abdichtung von Eintrittspunkten, die Verbesserung der Bel\u00fcftung und den Einsatz von Radonabsaugsystemen.<\/p>\n\n<\/div>\n<\/div>\n<\/div>\n<\/div>","protected":false},"excerpt":{"rendered":"<p>Le radon est un risque \u00e0 prendre au s\u00e9rieux en Suisse, mais des mesures cibl\u00e9es permettent d&#8217;am\u00e9liorer consid\u00e9rablement la protection. D\u00e9couvrez pourquoi il faut \u00eatre particuli\u00e8rement prudent dans ce domaine et comment vous pouvez vous prot\u00e9ger efficacement contre ce gaz radioactif. <\/p>\n","protected":false},"author":22,"featured_media":5543,"comment_status":"open","ping_status":"open","sticky":false,"template":"","format":"standard","meta":{"_acf_changed":false,"footnotes":"","_wpscppro_dont_share_socialmedia":false,"_wpscppro_custom_social_share_image":0,"_facebook_share_type":"","_twitter_share_type":"","_linkedin_share_type":"","_pinterest_share_type":"","_linkedin_share_type_page":"","_instagram_share_type":"","_medium_share_type":"","_threads_share_type":"","_google_business_share_type":"","_selected_social_profile":[],"_wpsp_enable_custom_social_template":false,"_wpsp_social_scheduling":{"enabled":false,"datetime":null,"platforms":[],"status":"template_only","dateOption":"today","timeOption":"now","customDays":"","customHours":"","customDate":"","customTime":"","schedulingType":"absolute"},"_wpsp_active_default_template":true},"categories":[199],"tags":[221],"experts":[],"class_list":["post-5844","post","type-post","status-publish","format-standard","has-post-thumbnail","hentry","category-faparadon-ch-fr","tag-actualites"],"acf":[],"_links":{"self":[{"href":"https:\/\/986583d8-f056-4bb2-8671-788a4dfd7230.seg14.hubblecommerce.io\/fr\/wp-json\/wp\/v2\/posts\/5844","targetHints":{"allow":["GET"]}}],"collection":[{"href":"https:\/\/986583d8-f056-4bb2-8671-788a4dfd7230.seg14.hubblecommerce.io\/fr\/wp-json\/wp\/v2\/posts"}],"about":[{"href":"https:\/\/986583d8-f056-4bb2-8671-788a4dfd7230.seg14.hubblecommerce.io\/fr\/wp-json\/wp\/v2\/types\/post"}],"author":[{"embeddable":true,"href":"https:\/\/986583d8-f056-4bb2-8671-788a4dfd7230.seg14.hubblecommerce.io\/fr\/wp-json\/wp\/v2\/users\/22"}],"replies":[{"embeddable":true,"href":"https:\/\/986583d8-f056-4bb2-8671-788a4dfd7230.seg14.hubblecommerce.io\/fr\/wp-json\/wp\/v2\/comments?post=5844"}],"version-history":[{"count":7,"href":"https:\/\/986583d8-f056-4bb2-8671-788a4dfd7230.seg14.hubblecommerce.io\/fr\/wp-json\/wp\/v2\/posts\/5844\/revisions"}],"predecessor-version":[{"id":8589,"href":"https:\/\/986583d8-f056-4bb2-8671-788a4dfd7230.seg14.hubblecommerce.io\/fr\/wp-json\/wp\/v2\/posts\/5844\/revisions\/8589"}],"wp:featuredmedia":[{"embeddable":true,"href":"https:\/\/986583d8-f056-4bb2-8671-788a4dfd7230.seg14.hubblecommerce.io\/fr\/wp-json\/wp\/v2\/media\/5543"}],"wp:attachment":[{"href":"https:\/\/986583d8-f056-4bb2-8671-788a4dfd7230.seg14.hubblecommerce.io\/fr\/wp-json\/wp\/v2\/media?parent=5844"}],"wp:term":[{"taxonomy":"category","embeddable":true,"href":"https:\/\/986583d8-f056-4bb2-8671-788a4dfd7230.seg14.hubblecommerce.io\/fr\/wp-json\/wp\/v2\/categories?post=5844"},{"taxonomy":"post_tag","embeddable":true,"href":"https:\/\/986583d8-f056-4bb2-8671-788a4dfd7230.seg14.hubblecommerce.io\/fr\/wp-json\/wp\/v2\/tags?post=5844"},{"taxonomy":"experts","embeddable":true,"href":"https:\/\/986583d8-f056-4bb2-8671-788a4dfd7230.seg14.hubblecommerce.io\/fr\/wp-json\/wp\/v2\/experts?post=5844"}],"curies":[{"name":"wp","href":"https:\/\/api.w.org\/{rel}","templated":true}]}}