{"id":3988,"date":"2024-04-07T16:48:00","date_gmt":"2024-04-07T16:48:00","guid":{"rendered":"https:\/\/986583d8-f056-4bb2-8671-788a4dfd7230.seg14.hubblecommerce.io\/des-tables-de-jardin-comme-faites-pour-la-suisse-elegantes-resistantes-et-a-des-prix-daubaine\/"},"modified":"2024-09-30T07:43:39","modified_gmt":"2024-09-30T07:43:39","slug":"des-tables-de-jardin-comme-faites-pour-la-suisse-elegantes-resistantes-et-a-des-prix-daubaine","status":"publish","type":"post","link":"https:\/\/986583d8-f056-4bb2-8671-788a4dfd7230.seg14.hubblecommerce.io\/fr\/des-tables-de-jardin-comme-faites-pour-la-suisse-elegantes-resistantes-et-a-des-prix-daubaine\/","title":{"rendered":"Des tables de jardin comme faites pour la Suisse : \u00e9l\u00e9gantes, r\u00e9sistantes et \u00e0 des prix d&#8217;aubaine"},"content":{"rendered":"\n<figure class=\"wp-block-image size-large\"><img loading=\"lazy\" decoding=\"async\" width=\"1024\" height=\"631\" src=\"https:\/\/986583d8-f056-4bb2-8671-788a4dfd7230.seg14.hubblecommerce.io\/wp-content\/uploads\/2024\/04\/Banner_Tischabverkauf-1024x631.jpg\" alt=\"Table suisse Soldes de table de jardin dans de nombreuses couleurs et formes\" class=\"wp-image-3978\" srcset=\"https:\/\/986583d8-f056-4bb2-8671-788a4dfd7230.seg14.hubblecommerce.io\/wp-content\/uploads\/2024\/04\/Banner_Tischabverkauf-1024x631.jpg 1024w, https:\/\/986583d8-f056-4bb2-8671-788a4dfd7230.seg14.hubblecommerce.io\/wp-content\/uploads\/2024\/04\/Banner_Tischabverkauf-300x185.jpg 300w, https:\/\/986583d8-f056-4bb2-8671-788a4dfd7230.seg14.hubblecommerce.io\/wp-content\/uploads\/2024\/04\/Banner_Tischabverkauf-768x473.jpg 768w, https:\/\/986583d8-f056-4bb2-8671-788a4dfd7230.seg14.hubblecommerce.io\/wp-content\/uploads\/2024\/04\/Banner_Tischabverkauf.jpg 1060w\" sizes=\"auto, (max-width: 1024px) 100vw, 1024px\" \/><\/figure>\n\n\n\n<p><strong>Chez Faserplast, nous apportons depuis 40 ans qualit\u00e9 et style aux espaces ext\u00e9rieurs. Nos tables de jardin avec plateau en PRV ne sont pas seulement esth\u00e9tiques, elles sont \u00e9galement durables et r\u00e9sistantes aux intemp\u00e9ries. Et maintenant, nous avons une action excitante pour vous : des tables de jardin \u00e0 des prix d&#8217;aubaine imbattables ! Lisez la suite pour en savoir plus sur nos tables uniques et pourquoi elles sont le choix parfait pour vos terrasses de jardin, vos restaurants de jardin ou votre espace priv\u00e9.<\/strong><\/p>\n\n\n\n<h2 class=\"wp-block-heading\">Table suisse pour la m\u00e9t\u00e9o suisse<\/h2>\n\n\n\n<p>La table Faserplast est synonyme de qualit\u00e9 et d&#8217;esth\u00e9tique. Fabriqu\u00e9es avec des plateaux de table en PRV, elles offrent une vari\u00e9t\u00e9 impressionnante de designs et de couleurs. Que vous recherchiez un design classique ou quelque chose de plus moderne, nos tables de jardin s&#8217;adaptent parfaitement \u00e0 votre style et \u00e0 vos besoins.<\/p>\n\n\n\n<h2 class=\"wp-block-heading\">Qu&#8217;est-ce qui rend nos tables de jardin si sp\u00e9ciales ?  <\/h2>\n\n\n\n<p>Leur extr\u00eame r\u00e9sistance aux intemp\u00e9ries et leur long\u00e9vit\u00e9 en font le choix parfait pour une utilisation en ext\u00e9rieur. R\u00e9sistants aux UV et aux intemp\u00e9ries, ils bravent les \u00e9l\u00e9ments tout en conservant leur \u00e9clat naturel. Qu&#8217;il fasse beau, qu&#8217;il pleuve ou qu&#8217;il neige, nos tables de jardin sont fiables et robustes tout au long de l&#8217;ann\u00e9e.<\/p>\n\n\n\n<p>Un autre point positif est leur facilit\u00e9 de nettoyage. Gr\u00e2ce \u00e0 sa surface lisse, la salet\u00e9 et les taches s&#8217;enl\u00e8vent facilement, de sorte que vos tables ont toujours l&#8217;air neuves. De plus, nos tables de jardin sont durables et r\u00e9sistent aux rayures et \u00e0 l&#8217;usure, ce qui les rend id\u00e9ales pour les endroits tr\u00e8s fr\u00e9quent\u00e9s comme les restaurants de jardin.<\/p>\n\n\n\n<p>Nos tables de jardin ne sont pas seulement adapt\u00e9es \u00e0 l&#8217;ext\u00e9rieur, mais aussi \u00e0 l&#8217;int\u00e9rieur. Que ce soit dans le salon, la salle \u00e0 manger ou le jardin d&#8217;hiver, ils s&#8217;int\u00e8grent parfaitement dans chaque environnement et conf\u00e8rent \u00e0 chaque pi\u00e8ce une \u00e9l\u00e9gance intemporelle.<\/p>\n\n\n\n<h2 class=\"wp-block-heading\">Soldes &#8211; tout doit sortir !<\/h2>\n\n\n\n<p>Nos entrep\u00f4ts sont vid\u00e9s pour faire de la place aux nouveaut\u00e9s. Nous proposons d\u00e9sormais en ligne des pi\u00e8tements et des plateaux de table de diff\u00e9rentes couleurs chics et de tailles pratiques, victimes de la r\u00e9duction de l&#8217;assortiment, \u00e0 des prix imbattables et, qui plus est, sans frais d&#8217;exp\u00e9dition.<\/p>\n\n\n\n<p>Profitez d\u00e8s maintenant de notre action et assurez-vous une table de jardin durable \u00e0 un prix imbattable.<\/p>\n\n\n\n<p><\/p>\n\n\n\n<figure class=\"wp-block-image size-large\"><img loading=\"lazy\" decoding=\"async\" width=\"1024\" height=\"631\" src=\"https:\/\/986583d8-f056-4bb2-8671-788a4dfd7230.seg14.hubblecommerce.io\/wp-content\/uploads\/2024\/04\/Faserplast_Abverkauf-Tisch-1024x631.jpg\" alt=\"Terrasse de restaurant avec tables de jardin de Faserplast\" class=\"wp-image-3981\" srcset=\"https:\/\/986583d8-f056-4bb2-8671-788a4dfd7230.seg14.hubblecommerce.io\/wp-content\/uploads\/2024\/04\/Faserplast_Abverkauf-Tisch-1024x631.jpg 1024w, https:\/\/986583d8-f056-4bb2-8671-788a4dfd7230.seg14.hubblecommerce.io\/wp-content\/uploads\/2024\/04\/Faserplast_Abverkauf-Tisch-300x185.jpg 300w, https:\/\/986583d8-f056-4bb2-8671-788a4dfd7230.seg14.hubblecommerce.io\/wp-content\/uploads\/2024\/04\/Faserplast_Abverkauf-Tisch-768x473.jpg 768w, https:\/\/986583d8-f056-4bb2-8671-788a4dfd7230.seg14.hubblecommerce.io\/wp-content\/uploads\/2024\/04\/Faserplast_Abverkauf-Tisch.jpg 1060w\" sizes=\"auto, (max-width: 1024px) 100vw, 1024px\" \/><\/figure>\n\n\n<div id=\"rank-math-faq\" class=\"rank-math-block\">\n<div class=\"rank-math-list \">\n<div id=\"faq-question-1712305568641\" class=\"rank-math-list-item\">\n<h3 class=\"rank-math-question \"><strong>Sind die Gartentische von Faserplast wirklich wetterbest\u00e4ndig?<\/strong><\/h3>\n<div class=\"rank-math-answer \">\n\n<p>Ja, unsere Gartentische sind aus GFK hergestellt, was sie extrem witterungsbest\u00e4ndig und UV-resistent macht.<\/p>\n\n<\/div>\n<\/div>\n<div id=\"faq-question-1712305598988\" class=\"rank-math-list-item\">\n<h3 class=\"rank-math-question \"><strong>Wie reinige ich die Gartentische am besten?<\/strong><\/h3>\n<div class=\"rank-math-answer \">\n\n<p>Die glatte Oberfl\u00e4che unserer Tische erm\u00f6glicht eine einfache Reinigung mit Wasser und mildem Reinigungsmittel.<\/p>\n\n<\/div>\n<\/div>\n<div id=\"faq-question-1712305628564\" class=\"rank-math-list-item\">\n<h3 class=\"rank-math-question \"><strong>Sind die Gartentische auch f\u00fcr den gewerblichen Einsatz geeignet?<\/strong><\/h3>\n<div class=\"rank-math-answer \">\n\n<p>Absolut! Unsere Gartentische sind sowohl f\u00fcr private als auch gewerbliche Bereiche wie Gartenrestaurants geeignet.<\/p>\n\n<\/div>\n<\/div>\n<div id=\"faq-question-1712305660885\" class=\"rank-math-list-item\">\n<h3 class=\"rank-math-question \"><strong>Welche Gr\u00f6ssen und Farben sind erh\u00e4ltlich?<\/strong><\/h3>\n<div class=\"rank-math-answer \">\n\n<p>Wir bieten eine grosse Auswahl an Gr\u00f6ssen und Farben, um sicherzustellen, dass Sie den perfekten Tisch f\u00fcr Ihre Bed\u00fcrfnisse finden.<\/p>\n\n<\/div>\n<\/div>\n<div id=\"faq-question-1712305702948\" class=\"rank-math-list-item\">\n<h3 class=\"rank-math-question \"><strong>Was ist GFK und was zeichnet das Material aus?<\/strong><\/h3>\n<div class=\"rank-math-answer \">\n\n<p>GFK steht f\u00fcr glasfaserverst\u00e4rkter Kunststoff. Dieses Material ist extrem robust, wetterbest\u00e4ndig und langlebig, was es ideal f\u00fcr den Einsatz im Freien macht.<\/p>\n\n<\/div>\n<\/div>\n<\/div>\n<\/div>","protected":false},"excerpt":{"rendered":"<p>Depuis 40 ans, Faserplast conf\u00e8re qualit\u00e9 et style aux espaces ext\u00e9rieurs. Nos tables de jardin avec plateau en PRV sont esth\u00e9tiques, durables et r\u00e9sistantes aux intemp\u00e9ries. D\u00e9couvrez d\u00e8s maintenant nos offres imbattables ! Id\u00e9al pour les terrasses de jardin, les restaurants de jardin ou le domaine priv\u00e9.<\/p>\n","protected":false},"author":20,"featured_media":3979,"comment_status":"open","ping_status":"open","sticky":false,"template":"","format":"standard","meta":{"_acf_changed":false,"footnotes":"","_wpscppro_dont_share_socialmedia":false,"_wpscppro_custom_social_share_image":0,"_facebook_share_type":"","_twitter_share_type":"","_linkedin_share_type":"","_pinterest_share_type":"","_linkedin_share_type_page":"","_instagram_share_type":"","_medium_share_type":"","_threads_share_type":"","_google_business_share_type":"","_selected_social_profile":[],"_wpsp_enable_custom_social_template":false,"_wpsp_social_scheduling":{"enabled":false,"datetime":null,"platforms":[],"status":"template_only","dateOption":"today","timeOption":"now","customDays":"","customHours":"","customDate":"","customTime":"","schedulingType":"absolute"},"_wpsp_active_default_template":true},"categories":[88,216],"tags":[221],"experts":[193],"class_list":["post-3988","post","type-post","status-publish","format-standard","has-post-thumbnail","hentry","category-faserplast-ch-fr","category-jardin","tag-actualites","experts-georges-eberle-fr"],"acf":[],"_links":{"self":[{"href":"https:\/\/986583d8-f056-4bb2-8671-788a4dfd7230.seg14.hubblecommerce.io\/fr\/wp-json\/wp\/v2\/posts\/3988","targetHints":{"allow":["GET"]}}],"collection":[{"href":"https:\/\/986583d8-f056-4bb2-8671-788a4dfd7230.seg14.hubblecommerce.io\/fr\/wp-json\/wp\/v2\/posts"}],"about":[{"href":"https:\/\/986583d8-f056-4bb2-8671-788a4dfd7230.seg14.hubblecommerce.io\/fr\/wp-json\/wp\/v2\/types\/post"}],"author":[{"embeddable":true,"href":"https:\/\/986583d8-f056-4bb2-8671-788a4dfd7230.seg14.hubblecommerce.io\/fr\/wp-json\/wp\/v2\/users\/20"}],"replies":[{"embeddable":true,"href":"https:\/\/986583d8-f056-4bb2-8671-788a4dfd7230.seg14.hubblecommerce.io\/fr\/wp-json\/wp\/v2\/comments?post=3988"}],"version-history":[{"count":1,"href":"https:\/\/986583d8-f056-4bb2-8671-788a4dfd7230.seg14.hubblecommerce.io\/fr\/wp-json\/wp\/v2\/posts\/3988\/revisions"}],"predecessor-version":[{"id":6064,"href":"https:\/\/986583d8-f056-4bb2-8671-788a4dfd7230.seg14.hubblecommerce.io\/fr\/wp-json\/wp\/v2\/posts\/3988\/revisions\/6064"}],"wp:featuredmedia":[{"embeddable":true,"href":"https:\/\/986583d8-f056-4bb2-8671-788a4dfd7230.seg14.hubblecommerce.io\/fr\/wp-json\/wp\/v2\/media\/3979"}],"wp:attachment":[{"href":"https:\/\/986583d8-f056-4bb2-8671-788a4dfd7230.seg14.hubblecommerce.io\/fr\/wp-json\/wp\/v2\/media?parent=3988"}],"wp:term":[{"taxonomy":"category","embeddable":true,"href":"https:\/\/986583d8-f056-4bb2-8671-788a4dfd7230.seg14.hubblecommerce.io\/fr\/wp-json\/wp\/v2\/categories?post=3988"},{"taxonomy":"post_tag","embeddable":true,"href":"https:\/\/986583d8-f056-4bb2-8671-788a4dfd7230.seg14.hubblecommerce.io\/fr\/wp-json\/wp\/v2\/tags?post=3988"},{"taxonomy":"experts","embeddable":true,"href":"https:\/\/986583d8-f056-4bb2-8671-788a4dfd7230.seg14.hubblecommerce.io\/fr\/wp-json\/wp\/v2\/experts?post=3988"}],"curies":[{"name":"wp","href":"https:\/\/api.w.org\/{rel}","templated":true}]}}