{"id":2929,"date":"2024-01-26T09:25:18","date_gmt":"2024-01-26T09:25:18","guid":{"rendered":"https:\/\/986583d8-f056-4bb2-8671-788a4dfd7230.seg14.hubblecommerce.io\/les-temps-sont-inquietants-le-niveau-des-nappes-phreatiques-baisse-en-suisse-aussi\/"},"modified":"2024-09-30T07:41:09","modified_gmt":"2024-09-30T07:41:09","slug":"les-temps-sont-inquietants-le-niveau-des-nappes-phreatiques-baisse-en-suisse-aussi","status":"publish","type":"post","link":"https:\/\/986583d8-f056-4bb2-8671-788a4dfd7230.seg14.hubblecommerce.io\/fr\/les-temps-sont-inquietants-le-niveau-des-nappes-phreatiques-baisse-en-suisse-aussi\/","title":{"rendered":"Les temps sont inqui\u00e9tants : Le niveau des nappes phr\u00e9atiques baisse, en Suisse aussi"},"content":{"rendered":"\n<figure class=\"wp-block-image size-large\"><img loading=\"lazy\" decoding=\"async\" width=\"1024\" height=\"576\" src=\"https:\/\/986583d8-f056-4bb2-8671-788a4dfd7230.seg14.hubblecommerce.io\/wp-content\/uploads\/2024\/01\/Banner_faparain_Grundwasserpegel-1024x576.jpg\" alt=\"Une fleur jaune pousse sur une terre dess\u00e9ch\u00e9e\" class=\"wp-image-2924\" srcset=\"https:\/\/986583d8-f056-4bb2-8671-788a4dfd7230.seg14.hubblecommerce.io\/wp-content\/uploads\/2024\/01\/Banner_faparain_Grundwasserpegel-1024x576.jpg 1024w, https:\/\/986583d8-f056-4bb2-8671-788a4dfd7230.seg14.hubblecommerce.io\/wp-content\/uploads\/2024\/01\/Banner_faparain_Grundwasserpegel-300x169.jpg 300w, https:\/\/986583d8-f056-4bb2-8671-788a4dfd7230.seg14.hubblecommerce.io\/wp-content\/uploads\/2024\/01\/Banner_faparain_Grundwasserpegel-768x432.jpg 768w, https:\/\/986583d8-f056-4bb2-8671-788a4dfd7230.seg14.hubblecommerce.io\/wp-content\/uploads\/2024\/01\/Banner_faparain_Grundwasserpegel.jpg 1160w\" sizes=\"auto, (max-width: 1024px) 100vw, 1024px\" \/><\/figure>\n\n\n\n<p><strong>Les effets des \u00e9t\u00e9s secs sont d\u00e9sormais \u00e9vidents et ne concernent pas seulement certaines r\u00e9gions, mais ont des r\u00e9percussions sur toute l&#8217;Europe. Les lits des rivi\u00e8res s&#8217;ass\u00e8chent, les cours d&#8217;eau disparaissent lentement, les incendies de for\u00eat augmentent et les inondations sont favoris\u00e9es. Un autre probl\u00e8me alarmant est celui des sols trop secs. En raison de la s\u00e9cheresse persistante, elles ne peuvent pas absorber les fortes pluies, ce qui peut entra\u00eener une augmentation des inondations. Mais le niveau des nappes phr\u00e9atiques est \u00e9galement fortement touch\u00e9 par cette \u00e9volution.<\/strong><\/p>\n\n\n\n<p>L&#8217;Office f\u00e9d\u00e9ral de l&#8217;environnement (OFEV) en Suisse a annonc\u00e9 des niveaux de nappe phr\u00e9atique et des d\u00e9bits de source normaux \u00e0 parfois bas en raison de pr\u00e9cipitations inf\u00e9rieures \u00e0 la moyenne, d&#8217;\u00e9t\u00e9s longs et chauds et de peu de pluies en hiver. M\u00eame les grands fleuves comme le Danube, le Rhin et le P\u00f4 ont eu des d\u00e9bits historiquement faibles au cours des \u00e9t\u00e9s pass\u00e9s. Cela a pour cons\u00e9quence que les communes introduisent localement des restrictions sur l&#8217;utilisation de l&#8217;eau afin de lutter contre la p\u00e9nurie d&#8217;eau. Il est \u00e9vident que des mesures urgentes doivent \u00eatre prises pour rem\u00e9dier \u00e0 ce probl\u00e8me.<\/p>\n\n\n\n<p>Certains cantons et communes, comme le Tessin, le Valais, Saint-Gall et Lucerne, ont d\u00e9j\u00e0 d\u00e9velopp\u00e9 des concepts pour lutter contre la s\u00e9cheresse et la baisse du niveau des nappes phr\u00e9atiques. Ces concepts vont de la promotion de l&#8217;<a href=\"https:\/\/faparain.ch\/\" target=\"_blank\" rel=\"noopener\">eau de pluie<\/a> \u00e0 la limitation de l&#8217;utilisation de l&#8217;eau. Le gouvernement f\u00e9d\u00e9ral travaille \u00e9galement \u00e0 la mise en place d&#8217;un syst\u00e8me d&#8217;alerte pr\u00e9coce en cas de s\u00e9cheresse et \u00e0 l&#8217;\u00e9laboration d&#8217;un concept d&#8217;enregistrement des donn\u00e9es relatives \u00e0 l&#8217;utilisation de l&#8217;eau afin de mieux g\u00e9rer le manque d&#8217;eau. Ces mesures doivent \u00e9galement pouvoir \u00eatre utilis\u00e9es par les communes et les cantons.<\/p>\n\n\n\n<h3 class=\"wp-block-heading\">Utilisation consciente de l&#8217;eau<\/h3>\n\n\n\n<p>Chacun d&#8217;entre nous peut apporter sa contribution pour s&#8217;attaquer au probl\u00e8me. Il est de notre responsabilit\u00e9 d&#8217;\u00e9conomiser l&#8217;eau en g\u00e9n\u00e9ral et d&#8217;utiliser davantage l&#8217;eau de pluie. En r\u00e9duisant notre consommation d&#8217;eau potable et en utilisant l&#8217;eau de pluie \u00e0 diff\u00e9rentes fins, nous pouvons rendre la consommation d&#8217;eau plus efficace et contribuer \u00e0 la protection des nappes phr\u00e9atiques. Il est important que des mesures soient prises, tant au niveau individuel qu&#8217;au niveau de l&#8217;\u00c9tat, afin de garantir la disponibilit\u00e9 et la durabilit\u00e9 \u00e0 long terme de nos ressources en eau.<\/p>\n\n\n\n<h3 class=\"wp-block-heading\">Chaque goutte compte<\/h3>\n\n\n\n<p>Au niveau individuel, nous pouvons faire des changements simples pour \u00e9conomiser l&#8217;eau. Nous pouvons par exemple fermer le robinet lorsque nous nous brossons les dents ou utiliser des syst\u00e8mes d&#8217;irrigation efficaces pour arroser notre jardin. <a href=\"https:\/\/faparain.ch\/\" target=\"_blank\" rel=\"noopener\">L&#8217;eau de pluie<\/a> peut \u00eatre r\u00e9cup\u00e9r\u00e9e et utilis\u00e9e pour l&#8217;arrosage des plantes ou le nettoyage des voitures. Il existe de nombreuses fa\u00e7ons de r\u00e9duire notre consommation d&#8217;eau, et chaque petit pas compte.<\/p>\n\n\n\n<p>Au niveau de l&#8217;\u00c9tat, les gouvernements devraient mettre en place des incitations \u00e0 l&#8217;utilisation de syst\u00e8mes de r\u00e9cup\u00e9ration de l&#8217;eau de pluie et fixer le prix de l&#8217;eau de mani\u00e8re \u00e0 r\u00e9compenser les \u00e9conomies d&#8217;eau. Les investissements dans les infrastructures d&#8217;approvisionnement en eau et la promotion de campagnes de sensibilisation peuvent \u00e9galement contribuer \u00e0 s&#8217;attaquer au probl\u00e8me.<\/p>\n\n\n\n<h3 class=\"wp-block-heading\">Utiliser l&#8217;eau de pluie<\/h3>\n\n\n\n<p>Les effets des \u00e9t\u00e9s secs et de la baisse du niveau des nappes phr\u00e9atiques sont clairement visibles et requi\u00e8rent notre attention urgente. En travaillant tous ensemble et en prenant des mesures, nous pouvons rendre la consommation d&#8217;eau plus efficace et contribuer \u00e0 la protection de nos ressources en eau. Il est temps de changer nos comportements et de prendre conscience \u00e0 quel point l&#8217;eau est pr\u00e9cieuse. C&#8217;est la seule fa\u00e7on de garantir un avenir durable dans lequel l&#8217;eau sera disponible en quantit\u00e9 suffisante pour tous.<\/p>\n","protected":false},"excerpt":{"rendered":"<p>Les effets des \u00e9t\u00e9s secs sont d\u00e9sormais \u00e9vidents et ne concernent pas seulement certaines r\u00e9gions, mais ont des r\u00e9percussions sur toute l&#8217;Europe. Les lits des rivi\u00e8res s&#8217;ass\u00e8chent, les cours d&#8217;eau disparaissent lentement, les incendies de for\u00eat augmentent et les inondations sont favoris\u00e9es. Un autre probl\u00e8me alarmant est celui des sols trop secs. En raison de [&hellip;]<\/p>\n","protected":false},"author":20,"featured_media":2925,"comment_status":"open","ping_status":"open","sticky":false,"template":"","format":"standard","meta":{"_acf_changed":false,"footnotes":"","_wpscppro_dont_share_socialmedia":false,"_wpscppro_custom_social_share_image":0,"_facebook_share_type":"","_twitter_share_type":"","_linkedin_share_type":"","_pinterest_share_type":"","_linkedin_share_type_page":"","_instagram_share_type":"","_medium_share_type":"","_threads_share_type":"","_google_business_share_type":"","_selected_social_profile":[],"_wpsp_enable_custom_social_template":false,"_wpsp_social_scheduling":{"enabled":false,"datetime":null,"platforms":[],"status":"template_only","dateOption":"today","timeOption":"now","customDays":"","customHours":"","customDate":"","customTime":"","schedulingType":"absolute"},"_wpsp_active_default_template":true},"categories":[200,202],"tags":[221],"experts":[220],"class_list":["post-2929","post","type-post","status-publish","format-standard","has-post-thumbnail","hentry","category-faparain-ch-fr","category-recuperation-de-leau-de-pluie","tag-actualites","experts-michael-weber"],"acf":[],"_links":{"self":[{"href":"https:\/\/986583d8-f056-4bb2-8671-788a4dfd7230.seg14.hubblecommerce.io\/fr\/wp-json\/wp\/v2\/posts\/2929","targetHints":{"allow":["GET"]}}],"collection":[{"href":"https:\/\/986583d8-f056-4bb2-8671-788a4dfd7230.seg14.hubblecommerce.io\/fr\/wp-json\/wp\/v2\/posts"}],"about":[{"href":"https:\/\/986583d8-f056-4bb2-8671-788a4dfd7230.seg14.hubblecommerce.io\/fr\/wp-json\/wp\/v2\/types\/post"}],"author":[{"embeddable":true,"href":"https:\/\/986583d8-f056-4bb2-8671-788a4dfd7230.seg14.hubblecommerce.io\/fr\/wp-json\/wp\/v2\/users\/20"}],"replies":[{"embeddable":true,"href":"https:\/\/986583d8-f056-4bb2-8671-788a4dfd7230.seg14.hubblecommerce.io\/fr\/wp-json\/wp\/v2\/comments?post=2929"}],"version-history":[{"count":1,"href":"https:\/\/986583d8-f056-4bb2-8671-788a4dfd7230.seg14.hubblecommerce.io\/fr\/wp-json\/wp\/v2\/posts\/2929\/revisions"}],"predecessor-version":[{"id":3150,"href":"https:\/\/986583d8-f056-4bb2-8671-788a4dfd7230.seg14.hubblecommerce.io\/fr\/wp-json\/wp\/v2\/posts\/2929\/revisions\/3150"}],"wp:featuredmedia":[{"embeddable":true,"href":"https:\/\/986583d8-f056-4bb2-8671-788a4dfd7230.seg14.hubblecommerce.io\/fr\/wp-json\/wp\/v2\/media\/2925"}],"wp:attachment":[{"href":"https:\/\/986583d8-f056-4bb2-8671-788a4dfd7230.seg14.hubblecommerce.io\/fr\/wp-json\/wp\/v2\/media?parent=2929"}],"wp:term":[{"taxonomy":"category","embeddable":true,"href":"https:\/\/986583d8-f056-4bb2-8671-788a4dfd7230.seg14.hubblecommerce.io\/fr\/wp-json\/wp\/v2\/categories?post=2929"},{"taxonomy":"post_tag","embeddable":true,"href":"https:\/\/986583d8-f056-4bb2-8671-788a4dfd7230.seg14.hubblecommerce.io\/fr\/wp-json\/wp\/v2\/tags?post=2929"},{"taxonomy":"experts","embeddable":true,"href":"https:\/\/986583d8-f056-4bb2-8671-788a4dfd7230.seg14.hubblecommerce.io\/fr\/wp-json\/wp\/v2\/experts?post=2929"}],"curies":[{"name":"wp","href":"https:\/\/api.w.org\/{rel}","templated":true}]}}