{"id":2891,"date":"2019-05-16T13:00:32","date_gmt":"2019-05-16T13:00:32","guid":{"rendered":"https:\/\/986583d8-f056-4bb2-8671-788a4dfd7230.seg14.hubblecommerce.io\/tables-robustes-pour-linterieur-et-lexterieur-en-prv\/"},"modified":"2024-09-30T07:39:24","modified_gmt":"2024-09-30T07:39:24","slug":"tables-robustes-pour-linterieur-et-lexterieur-en-prv","status":"publish","type":"post","link":"https:\/\/986583d8-f056-4bb2-8671-788a4dfd7230.seg14.hubblecommerce.io\/fr\/tables-robustes-pour-linterieur-et-lexterieur-en-prv\/","title":{"rendered":"Tables robustes pour l&#8217;int\u00e9rieur et l&#8217;ext\u00e9rieur en PRV"},"content":{"rendered":"\n<figure class=\"wp-block-image size-large\"><img loading=\"lazy\" decoding=\"async\" width=\"1024\" height=\"576\" src=\"https:\/\/986583d8-f056-4bb2-8671-788a4dfd7230.seg14.hubblecommerce.io\/wp-content\/uploads\/2024\/01\/Banner_tisch_gfk-1024x576.jpg\" alt=\"Table en Faserplast gris sur une terrasse de jardin du Golfpark Waldkirch\" class=\"wp-image-2559\" srcset=\"https:\/\/986583d8-f056-4bb2-8671-788a4dfd7230.seg14.hubblecommerce.io\/wp-content\/uploads\/2024\/01\/Banner_tisch_gfk-1024x576.jpg 1024w, https:\/\/986583d8-f056-4bb2-8671-788a4dfd7230.seg14.hubblecommerce.io\/wp-content\/uploads\/2024\/01\/Banner_tisch_gfk-300x169.jpg 300w, https:\/\/986583d8-f056-4bb2-8671-788a4dfd7230.seg14.hubblecommerce.io\/wp-content\/uploads\/2024\/01\/Banner_tisch_gfk-768x432.jpg 768w, https:\/\/986583d8-f056-4bb2-8671-788a4dfd7230.seg14.hubblecommerce.io\/wp-content\/uploads\/2024\/01\/Banner_tisch_gfk.jpg 1160w\" sizes=\"auto, (max-width: 1024px) 100vw, 1024px\" \/><\/figure>\n\n\n\n<h2 class=\"wp-block-heading\">L&#8217;assortiment de Faserplast comprend des tables individuelles et originales pour l&#8217;int\u00e9rieur et l&#8217;ext\u00e9rieur. Le mat\u00e9riau de base utilis\u00e9 est la fibre de verre, un mat\u00e9riau d&#8217;une robustesse impressionnante. Travaill\u00e9 dans diff\u00e9rentes dimensions et formes, couleurs et finitions, il donne, en combinaison avec le pi\u00e8tement, la table la mieux adapt\u00e9e.<\/h2>\n\n\n\n<p>Des propri\u00e9t\u00e9s m\u00e9caniques sup\u00e9rieures s&#8217;associent \u00e0 un faible poids pour la fibre de verre. Le mat\u00e9riau se montre robuste, r\u00e9sistant aux UV et insensible \u00e0 la corrosion. Le PRV ne se laisse gu\u00e8re influencer par la chaleur et le froid. Il n&#8217;y a donc pas d&#8217;\u00e9chauffement d\u00e9sagr\u00e9able du plateau de table par la lumi\u00e8re directe du soleil. Les <a href=\"https:\/\/faserplast.ch\/de\/tische\/\" target=\"_blank\" rel=\"noopener noreferrer\">tables<\/a> stables r\u00e9sistent aux intemp\u00e9ries, \u00e0 des temp\u00e9ratures comprises entre -30 \u00b0C et +80 \u00b0C. Elles peuvent \u00eatre utilis\u00e9es dans des environnements difficiles.<\/p>\n\n\n\n<h3 class=\"wp-block-heading\">Une base robuste<\/h3>\n\n\n\n<p>Gr\u00e2ce \u00e0 leur base robuste, les plateaux de table durables peuvent \u00eatre utilis\u00e9s de mani\u00e8re polyvalente. Pour l&#8217;entretien, des produits de nettoyage sans acide et non abrasifs ainsi que des \u00e9ponges et des chiffons doux suffisent. Pour que la <a href=\"https:\/\/faserplast.ch\/de\/tische\/\" target=\"_blank\" rel=\"noopener noreferrer\">table<\/a> retrouve son aspect neuf, il est recommand\u00e9 de la traiter une fois par an avec un peu de polish pour voiture. Gr\u00e2ce \u00e0 son faible poids et \u00e0 sa construction robuste, la table peut \u00eatre facilement d\u00e9plac\u00e9e en cas de besoin.<\/p>\n\n\n\n<p><a role=\"button\" href=\"https:\/\/faserplast.ch\/de\/tische\/\" target=\"_blank\" rel=\"noopener noreferrer\"><br>D\u00e9couvrir les tables en PRV dans la boutique en ligne<br><\/a><\/p>\n\n\n\n<h3 class=\"wp-block-heading\">Stockage flexible<\/h3>\n\n\n\n<p>Les pieds de nivellement int\u00e9gr\u00e9s permettent d&#8217;ajuster la hauteur de la table de quelques centim\u00e8tres, ce qui garantit une bonne stabilit\u00e9 m\u00eame en cas d&#8217;irr\u00e9gularit\u00e9s. Apr\u00e8s avoir pass\u00e9 un agr\u00e9able moment ensemble, les <a href=\"https:\/\/faserplast.ch\/de\/tische\/\" target=\"_blank\" rel=\"noopener noreferrer\">tables<\/a> peuvent \u00eatre rang\u00e9es de mani\u00e8re peu encombrante gr\u00e2ce au m\u00e9canisme de pliage et ainsi \u00eatre prot\u00e9g\u00e9es de mani\u00e8re optimale contre les intemp\u00e9ries. Le plateau de table peut \u00eatre d\u00e9croch\u00e9 et donc remplac\u00e9 par un autre plateau si on le souhaite.<\/p>\n","protected":false},"excerpt":{"rendered":"<p>Faserplast propose un choix vari\u00e9 de tables sur mesure pour l&#8217;int\u00e9rieur et l&#8217;ext\u00e9rieur, fabriqu\u00e9es en PRV robuste. Avec diff\u00e9rentes dimensions, formes, couleurs et finitions, les clients peuvent trouver la table parfaite avec un pi\u00e8tement adapt\u00e9.<\/p>\n","protected":false},"author":20,"featured_media":2560,"comment_status":"open","ping_status":"open","sticky":false,"template":"","format":"standard","meta":{"_acf_changed":false,"footnotes":"","_wpscppro_dont_share_socialmedia":false,"_wpscppro_custom_social_share_image":0,"_facebook_share_type":"","_twitter_share_type":"","_linkedin_share_type":"","_pinterest_share_type":"","_linkedin_share_type_page":"","_instagram_share_type":"","_medium_share_type":"","_threads_share_type":"","_google_business_share_type":"","_selected_social_profile":[],"_wpsp_enable_custom_social_template":false,"_wpsp_social_scheduling":{"enabled":false,"datetime":null,"platforms":[],"status":"template_only","dateOption":"today","timeOption":"now","customDays":"","customHours":"","customDate":"","customTime":"","schedulingType":"absolute"},"_wpsp_active_default_template":true},"categories":[88,216],"tags":[221],"experts":[193],"class_list":["post-2891","post","type-post","status-publish","format-standard","has-post-thumbnail","hentry","category-faserplast-ch-fr","category-jardin","tag-actualites","experts-georges-eberle-fr"],"acf":[],"_links":{"self":[{"href":"https:\/\/986583d8-f056-4bb2-8671-788a4dfd7230.seg14.hubblecommerce.io\/fr\/wp-json\/wp\/v2\/posts\/2891","targetHints":{"allow":["GET"]}}],"collection":[{"href":"https:\/\/986583d8-f056-4bb2-8671-788a4dfd7230.seg14.hubblecommerce.io\/fr\/wp-json\/wp\/v2\/posts"}],"about":[{"href":"https:\/\/986583d8-f056-4bb2-8671-788a4dfd7230.seg14.hubblecommerce.io\/fr\/wp-json\/wp\/v2\/types\/post"}],"author":[{"embeddable":true,"href":"https:\/\/986583d8-f056-4bb2-8671-788a4dfd7230.seg14.hubblecommerce.io\/fr\/wp-json\/wp\/v2\/users\/20"}],"replies":[{"embeddable":true,"href":"https:\/\/986583d8-f056-4bb2-8671-788a4dfd7230.seg14.hubblecommerce.io\/fr\/wp-json\/wp\/v2\/comments?post=2891"}],"version-history":[{"count":1,"href":"https:\/\/986583d8-f056-4bb2-8671-788a4dfd7230.seg14.hubblecommerce.io\/fr\/wp-json\/wp\/v2\/posts\/2891\/revisions"}],"predecessor-version":[{"id":5967,"href":"https:\/\/986583d8-f056-4bb2-8671-788a4dfd7230.seg14.hubblecommerce.io\/fr\/wp-json\/wp\/v2\/posts\/2891\/revisions\/5967"}],"wp:featuredmedia":[{"embeddable":true,"href":"https:\/\/986583d8-f056-4bb2-8671-788a4dfd7230.seg14.hubblecommerce.io\/fr\/wp-json\/wp\/v2\/media\/2560"}],"wp:attachment":[{"href":"https:\/\/986583d8-f056-4bb2-8671-788a4dfd7230.seg14.hubblecommerce.io\/fr\/wp-json\/wp\/v2\/media?parent=2891"}],"wp:term":[{"taxonomy":"category","embeddable":true,"href":"https:\/\/986583d8-f056-4bb2-8671-788a4dfd7230.seg14.hubblecommerce.io\/fr\/wp-json\/wp\/v2\/categories?post=2891"},{"taxonomy":"post_tag","embeddable":true,"href":"https:\/\/986583d8-f056-4bb2-8671-788a4dfd7230.seg14.hubblecommerce.io\/fr\/wp-json\/wp\/v2\/tags?post=2891"},{"taxonomy":"experts","embeddable":true,"href":"https:\/\/986583d8-f056-4bb2-8671-788a4dfd7230.seg14.hubblecommerce.io\/fr\/wp-json\/wp\/v2\/experts?post=2891"}],"curies":[{"name":"wp","href":"https:\/\/api.w.org\/{rel}","templated":true}]}}