{"id":2869,"date":"2017-06-29T12:00:12","date_gmt":"2017-06-29T12:00:12","guid":{"rendered":"https:\/\/986583d8-f056-4bb2-8671-788a4dfd7230.seg14.hubblecommerce.io\/technicien-poste-pres-de-letang\/"},"modified":"2024-09-30T07:48:11","modified_gmt":"2024-09-30T07:48:11","slug":"technicien-poste-pres-de-letang","status":"publish","type":"post","link":"https:\/\/986583d8-f056-4bb2-8671-788a4dfd7230.seg14.hubblecommerce.io\/fr\/technicien-poste-pres-de-letang\/","title":{"rendered":"Technicien post\u00e9 pr\u00e8s de l&#8217;\u00e9tang"},"content":{"rendered":"\n<figure class=\"wp-block-image size-large\"><img loading=\"lazy\" decoding=\"async\" width=\"1024\" height=\"576\" src=\"https:\/\/986583d8-f056-4bb2-8671-788a4dfd7230.seg14.hubblecommerce.io\/wp-content\/uploads\/2024\/01\/Banner_faserplast_mir_sind_fapa_mitarbeiter-michael-weber-einkauf-teichpumpe-1024x576.jpg\" alt=\"Michael Weber Faserplast\" class=\"wp-image-2694\" srcset=\"https:\/\/986583d8-f056-4bb2-8671-788a4dfd7230.seg14.hubblecommerce.io\/wp-content\/uploads\/2024\/01\/Banner_faserplast_mir_sind_fapa_mitarbeiter-michael-weber-einkauf-teichpumpe-1024x576.jpg 1024w, https:\/\/986583d8-f056-4bb2-8671-788a4dfd7230.seg14.hubblecommerce.io\/wp-content\/uploads\/2024\/01\/Banner_faserplast_mir_sind_fapa_mitarbeiter-michael-weber-einkauf-teichpumpe-300x169.jpg 300w, https:\/\/986583d8-f056-4bb2-8671-788a4dfd7230.seg14.hubblecommerce.io\/wp-content\/uploads\/2024\/01\/Banner_faserplast_mir_sind_fapa_mitarbeiter-michael-weber-einkauf-teichpumpe-768x432.jpg 768w, https:\/\/986583d8-f056-4bb2-8671-788a4dfd7230.seg14.hubblecommerce.io\/wp-content\/uploads\/2024\/01\/Banner_faserplast_mir_sind_fapa_mitarbeiter-michael-weber-einkauf-teichpumpe.jpg 1160w\" sizes=\"auto, (max-width: 1024px) 100vw, 1024px\" \/><\/figure>\n\n\n\n<p><strong>Depuis bient\u00f4t 10 ans, Michael Weber travaille pour Faserplast AG. Pendant des ann\u00e9es, il a dirig\u00e9 le centre sp\u00e9cialis\u00e9 de Rickenbach TG. Il s&#8217;engage maintenant en tant que chef de produit pour r\u00e9pondre aux demandes de ses clients dans le domaine des \u00e9tangs et de la technique.<\/strong><\/p>\n\n\n\n<p>Michael Weber a connu <a href=\"https:\/\/faserplast.ch\/de\/\" target=\"_blank\" rel=\"noopener noreferrer\">Faserplast<\/a> AG d\u00e8s son plus jeune \u00e2ge &#8211; il a en effet grandi dans la r\u00e9gion. Aujourd&#8217;hui, il habite non loin du <a href=\"https:\/\/faserplast.ch\/fachcenter\" target=\"_blank\" rel=\"noopener noreferrer\">centre sp\u00e9cialis\u00e9<\/a> et appr\u00e9cie de pouvoir se rendre \u00e0 pied \u00e0 son travail. Et m\u00eame apr\u00e8s bient\u00f4t dix ans, ce surfeur enthousiaste entre chaque jour dans le bureau avec un sourire joyeux.<\/p>\n\n\n\n<p><strong>Monsieur Weber, pourquoi Faserplast ?<\/strong><br>&#8220;J&#8217;ai vu l&#8217;annonce \u00e0 l&#8217;\u00e9poque et l&#8217;entreprise m&#8217;\u00e9tait famili\u00e8re. Cela a toujours \u00e9t\u00e9 le cas. C&#8217;est juste qu&#8217;on le conna\u00eet. De plus, il y a ici un contact avec la client\u00e8le associ\u00e9 \u00e0 un assortiment int\u00e9ressant et sp\u00e9cial. Ce sont des produits avec lesquels on n&#8217;est pas constamment en contact. Il faut s&#8217;habituer. Cela me pla\u00eet et me motive. C&#8217;est ainsi que j&#8217;ai pris la direction du <a href=\"https:\/\/faserplast.ch\/fachcenter\" target=\"_blank\" rel=\"noopener noreferrer\">centre sp\u00e9cialis\u00e9<\/a> en 2008. Le passage de la grande distribution \u00e0 la vente sp\u00e9cialis\u00e9e a \u00e9t\u00e9 une \u00e9tape passionnante. Chez <a href=\"https:\/\/faserplast.ch\/de\/\" target=\"_blank\" rel=\"noopener noreferrer\">Faserplast<\/a> AG, il fallait prendre plus d&#8217;initiatives et on m&#8217;a donn\u00e9 plus de comp\u00e9tences&#8221;.<\/p>\n\n\n\n<p><strong>Mais aujourd&#8217;hui, vous ne travaillez plus dans un centre sp\u00e9cialis\u00e9 ?<\/strong><br>&#8220;Non, c&#8217;\u00e9tait bien de travailler directement sur le &#8216;front&#8217;. Mais il y a un an, apr\u00e8s une formation continue, j&#8217;ai chang\u00e9 de poste en interne. Maintenant, je travaille comme chef de produit, surtout dans le domaine des \u00e9tangs et de la technique. Mes t\u00e2ches comprennent le suivi des clients grands comptes et des clients du service externe, l&#8217;\u00e9tablissement des offres et le traitement des commandes ainsi que le suivi de l&#8217;assortiment et l&#8217;analyse du march\u00e9. Ce qui me passionne, c&#8217;est que le contact passionnant avec les clients est encore plus li\u00e9 \u00e0 l&#8217;aspect technique des produits. C&#8217;est \u00e0 chaque fois un d\u00e9fi bienvenu pour moi de combiner l&#8217;atmosph\u00e8re particuli\u00e8re d&#8217;un \u00e9tang avec la technique appropri\u00e9e, afin d&#8217;obtenir un r\u00e9sultat optimal. La satisfaction des clients est toujours la r\u00e9compense de notre engagement&#8221;.<\/p>\n\n\n\n<p><strong>Comment vivez-vous les clients de Faserplast AG ?<\/strong><br>&#8220;Au cours des derni\u00e8res ann\u00e9es, j&#8217;ai pu \u00e9tablir une relation personnelle avec de nombreux clients. On se conna\u00eet et on se tutoie. J&#8217;aime le fait que le contact ne se fasse pas seulement \u00e0 un niveau superficiel&#8221;.<\/p>\n\n\n\n<p><strong>Et comment vivez-vous les collaborateurs ? L&#8217;ambiance est-elle bonne chez Faserplast AG ?<\/strong><br>&#8220;Oui, nous formons une bonne \u00e9quipe. Chacun est l\u00e0 pour l&#8217;autre et nous aimons aussi faire des choses ensemble en dehors du travail. La jeune direction contribue \u00e9galement \u00e0 la bonne ambiance. Elle sollicite les collaborateurs et les fait participer &#8211; elle est ouverte aux nouvelles id\u00e9es et propositions&#8221;.<\/p>\n\n\n\n<p><strong>Vous \u00eates dans l&#8217;entreprise depuis plusieurs ann\u00e9es d\u00e9j\u00e0 &#8211; qu&#8217;est-ce qui a chang\u00e9 pendant cette p\u00e9riode ?<\/strong><br>&#8220;D&#8217;une part, l&#8217;assortiment a \u00e9volu\u00e9. Aujourd&#8217;hui, l&#8217;accent est clairement mis sur nos comp\u00e9tences cl\u00e9s. D&#8217;autre part, les exigences des clients ont \u00e9galement \u00e9volu\u00e9. Aujourd&#8217;hui, ils peuvent s&#8217;informer sur Internet et acheter les produits via d&#8217;autres canaux de vente. Par cons\u00e9quent, le conseil est devenu plus exigeant. Enfin, notre <a href=\"https:\/\/faserplast.ch\/fachcenter\" target=\"_blank\" rel=\"noopener noreferrer\">centre sp\u00e9cialis\u00e9<\/a> a \u00e9galement chang\u00e9. Outre les processus et les syst\u00e8mes, la surface du magasin est \u00e9galement tr\u00e8s diff\u00e9rente. Aujourd&#8217;hui, tout est plus ouvert et plus lumineux. Quand je regarde en arri\u00e8re sur tous ces d\u00e9veloppements, c&#8217;est tr\u00e8s gratifiant de voir tout ce que nous avons pu faire en \u00e9quipe&#8221;.<\/p>\n\n\n\n<p><strong>Alors vous aussi, vous vous r\u00e9jouissez des changements \u00e0 venir ?<\/strong><br>&#8220;Bien s\u00fbr ! Mais je me r\u00e9jouis surtout de faire de nombreuses autres rencontres passionnantes avec des clients connus et nouveaux&#8221;.<\/p>\n","protected":false},"excerpt":{"rendered":"<p>Depuis bient\u00f4t 10 ans, Michael Weber travaille pour Faserplast AG. Pendant des ann\u00e9es, il a dirig\u00e9 le centre sp\u00e9cialis\u00e9 de Rickenbach TG. Il s&#8217;engage maintenant en tant que chef de produit pour r\u00e9pondre aux demandes de ses clients dans le domaine des \u00e9tangs et de la technique. Michael Weber a connu Faserplast AG d\u00e8s son [&hellip;]<\/p>\n","protected":false},"author":20,"featured_media":2695,"comment_status":"open","ping_status":"open","sticky":false,"template":"","format":"standard","meta":{"_acf_changed":false,"footnotes":"","_wpscppro_dont_share_socialmedia":false,"_wpscppro_custom_social_share_image":0,"_facebook_share_type":"","_twitter_share_type":"","_linkedin_share_type":"","_pinterest_share_type":"","_linkedin_share_type_page":"","_instagram_share_type":"","_medium_share_type":"","_threads_share_type":"","_google_business_share_type":"","_selected_social_profile":[],"_wpsp_enable_custom_social_template":false,"_wpsp_social_scheduling":{"enabled":false,"datetime":null,"platforms":[],"status":"template_only","dateOption":"today","timeOption":"now","customDays":"","customHours":"","customDate":"","customTime":"","schedulingType":"absolute"},"_wpsp_active_default_template":true},"categories":[88,217],"tags":[221],"experts":[],"class_list":["post-2869","post","type-post","status-publish","format-standard","has-post-thumbnail","hentry","category-faserplast-ch-fr","category-mir-sind-fapa-fr","tag-actualites"],"acf":[],"_links":{"self":[{"href":"https:\/\/986583d8-f056-4bb2-8671-788a4dfd7230.seg14.hubblecommerce.io\/fr\/wp-json\/wp\/v2\/posts\/2869","targetHints":{"allow":["GET"]}}],"collection":[{"href":"https:\/\/986583d8-f056-4bb2-8671-788a4dfd7230.seg14.hubblecommerce.io\/fr\/wp-json\/wp\/v2\/posts"}],"about":[{"href":"https:\/\/986583d8-f056-4bb2-8671-788a4dfd7230.seg14.hubblecommerce.io\/fr\/wp-json\/wp\/v2\/types\/post"}],"author":[{"embeddable":true,"href":"https:\/\/986583d8-f056-4bb2-8671-788a4dfd7230.seg14.hubblecommerce.io\/fr\/wp-json\/wp\/v2\/users\/20"}],"replies":[{"embeddable":true,"href":"https:\/\/986583d8-f056-4bb2-8671-788a4dfd7230.seg14.hubblecommerce.io\/fr\/wp-json\/wp\/v2\/comments?post=2869"}],"version-history":[{"count":1,"href":"https:\/\/986583d8-f056-4bb2-8671-788a4dfd7230.seg14.hubblecommerce.io\/fr\/wp-json\/wp\/v2\/posts\/2869\/revisions"}],"predecessor-version":[{"id":5954,"href":"https:\/\/986583d8-f056-4bb2-8671-788a4dfd7230.seg14.hubblecommerce.io\/fr\/wp-json\/wp\/v2\/posts\/2869\/revisions\/5954"}],"wp:featuredmedia":[{"embeddable":true,"href":"https:\/\/986583d8-f056-4bb2-8671-788a4dfd7230.seg14.hubblecommerce.io\/fr\/wp-json\/wp\/v2\/media\/2695"}],"wp:attachment":[{"href":"https:\/\/986583d8-f056-4bb2-8671-788a4dfd7230.seg14.hubblecommerce.io\/fr\/wp-json\/wp\/v2\/media?parent=2869"}],"wp:term":[{"taxonomy":"category","embeddable":true,"href":"https:\/\/986583d8-f056-4bb2-8671-788a4dfd7230.seg14.hubblecommerce.io\/fr\/wp-json\/wp\/v2\/categories?post=2869"},{"taxonomy":"post_tag","embeddable":true,"href":"https:\/\/986583d8-f056-4bb2-8671-788a4dfd7230.seg14.hubblecommerce.io\/fr\/wp-json\/wp\/v2\/tags?post=2869"},{"taxonomy":"experts","embeddable":true,"href":"https:\/\/986583d8-f056-4bb2-8671-788a4dfd7230.seg14.hubblecommerce.io\/fr\/wp-json\/wp\/v2\/experts?post=2869"}],"curies":[{"name":"wp","href":"https:\/\/api.w.org\/{rel}","templated":true}]}}