{"id":2863,"date":"2018-04-13T14:00:15","date_gmt":"2018-04-13T14:00:15","guid":{"rendered":"https:\/\/986583d8-f056-4bb2-8671-788a4dfd7230.seg14.hubblecommerce.io\/avec-la-lumiere-votre-jardin-rayonne\/"},"modified":"2024-09-30T07:47:19","modified_gmt":"2024-09-30T07:47:19","slug":"avec-la-lumiere-votre-jardin-rayonne","status":"publish","type":"post","link":"https:\/\/986583d8-f056-4bb2-8671-788a4dfd7230.seg14.hubblecommerce.io\/fr\/avec-la-lumiere-votre-jardin-rayonne\/","title":{"rendered":"Avec la lumi\u00e8re, votre jardin rayonne"},"content":{"rendered":"\n<figure class=\"wp-block-image size-large\"><img loading=\"lazy\" decoding=\"async\" width=\"1024\" height=\"576\" src=\"https:\/\/986583d8-f056-4bb2-8671-788a4dfd7230.seg14.hubblecommerce.io\/wp-content\/uploads\/2024\/01\/Banner_Gartenbeleuchtung_12V-1024x576.jpg\" alt=\"Artisan reliant des c\u00e2bles dans le jardin. Les c\u00e2bles font partie de la gamme Lighpro.\" class=\"wp-image-2582\" srcset=\"https:\/\/986583d8-f056-4bb2-8671-788a4dfd7230.seg14.hubblecommerce.io\/wp-content\/uploads\/2024\/01\/Banner_Gartenbeleuchtung_12V-1024x576.jpg 1024w, https:\/\/986583d8-f056-4bb2-8671-788a4dfd7230.seg14.hubblecommerce.io\/wp-content\/uploads\/2024\/01\/Banner_Gartenbeleuchtung_12V-300x169.jpg 300w, https:\/\/986583d8-f056-4bb2-8671-788a4dfd7230.seg14.hubblecommerce.io\/wp-content\/uploads\/2024\/01\/Banner_Gartenbeleuchtung_12V-768x432.jpg 768w, https:\/\/986583d8-f056-4bb2-8671-788a4dfd7230.seg14.hubblecommerce.io\/wp-content\/uploads\/2024\/01\/Banner_Gartenbeleuchtung_12V.jpg 1160w\" sizes=\"auto, (max-width: 1024px) 100vw, 1024px\" \/><\/figure>\n\n\n\n<h2 class=\"wp-block-heading\">Outre le travail, un jardin apporte aussi beaucoup de plaisir. Pour que vous puissiez profiter de votre extension d&#8217;espace de vie m\u00eame \u00e0 la tomb\u00e9e de la nuit, il est recommand\u00e9 d&#8217;utiliser un syst\u00e8me d&#8217;\u00e9clairage. Faserplast propose avec Lightpro un syst\u00e8me facile \u00e0 installer, prim\u00e9 et au juste prix.<\/h2>\n\n\n<p>Lightpro est un <a href=\"https:\/\/faserplast.ch\/de\/garten\/licht\/\" target=\"_blank\" rel=\"noopener noreferrer\">\u00e9clairage de jardin<\/a> professionnel qui convainc par sa simplicit\u00e9 g\u00e9niale. A l&#8217;occasion du GaLaBau 2016, le plus grand salon europ\u00e9en du jardin et du paysage \u00e0 Nuremberg, le &#8220;F-Verbinder&#8221; de Lightpro a eu le plaisir de recevoir la m\u00e9daille GaLaBau-Innovations. Le connecteur a \u00e9t\u00e9 r\u00e9compens\u00e9 pour sa facilit\u00e9 de manipulation. Il permet de raccorder diff\u00e9rentes lampes de 12 volts au c\u00e2ble de base sous tension en le tordant une fois. Gr\u00e2ce \u00e0 la basse tension, le syst\u00e8me peut \u00eatre install\u00e9 sans l&#8217;intervention d&#8217;un \u00e9lectricien. De plus, le syst\u00e8me ne pr\u00e9sente aucun danger pour les enfants curieux, ni pour les animaux domestiques qui aiment jouer.<\/p>\n<figure><\/figure>\n<figure><img loading=\"lazy\" decoding=\"async\" class=\"alignleft\" src=\"https:\/\/stage.faserplast.ch\/wp-content\/uploads\/2018\/04\/gartenbeleuchtung-licht-12-volt-referenz-haus-wiese-800x600px-300x225.jpg\" alt=\"\u00e9clairage-de-jardin-12-volts-r\u00e9f\u00e9rence-maison-pr\u00e9s-800x600px\" width=\"300\" height=\"225\"><\/figure>\n<figure><img decoding=\"async\" src=\"https:\/\/stage.faserplast.ch\/wp-content\/uploads\/2018\/04\/gartenbeleuchtung-licht-12-volt-referenz-garageneinfahrt-wandleuchten-800x600px-300x225.jpg\" alt=\"\u00e9clairage-de-jardin-lumi\u00e8re-12-volts-r\u00e9f\u00e9rence-entr\u00e9e-de-garage-appliques-800x600px\"><\/figure>\n<figure><img decoding=\"async\" src=\"https:\/\/stage.faserplast.ch\/wp-content\/uploads\/2018\/04\/gartenbeleuchtung-licht-12-volt-referenz-terrasse-2000x1000px-300x150.jpg\" alt=\"\u00e9clairage-de-jardin-12-volts-r\u00e9f\u00e9rence-terrasse-2000x1000px\"><\/figure>\n<p>Nous vous recommandons de demander conseil \u00e0 un jardinier lors de l&#8217;installation, car un concept d&#8217;\u00e9clairage adapt\u00e9 permet de tirer le meilleur parti de votre jardin. En effet, les possibilit\u00e9s offertes par le <a href=\"https:\/\/faserplast.ch\/de\/garten\/licht\/\" target=\"_blank\" rel=\"noopener noreferrer\">syst\u00e8me Lightpro<\/a> sont multiples. Combinez <a href=\"https:\/\/faserplast.ch\/de\/garten\/licht\/standleuchten\/\" target=\"_blank\" rel=\"noopener noreferrer\">des lampes sur pied<\/a>, des <a href=\"https:\/\/faserplast.ch\/de\/garten\/licht\/spots\/\" target=\"_blank\" rel=\"noopener noreferrer\">spots<\/a>, des appliques <a href=\"https:\/\/faserplast.ch\/de\/garten\/licht\/wandleuchten\/\" target=\"_blank\" rel=\"noopener noreferrer\">murales<\/a> et <a href=\"https:\/\/faserplast.ch\/de\/garten\/licht\/einbauleuchten\/\" target=\"_blank\" rel=\"noopener noreferrer\">des lampes encastr\u00e9es<\/a> avec un <a href=\"https:\/\/faserplast.ch\/de\/garten\/licht\/sphaerenleuchten\/\" target=\"_blank\" rel=\"noopener noreferrer\">\u00e9clairage sph\u00e9rique<\/a>. \u00c9clairez entre autres les haies, les terrasses, les chemins, les abris de voiture, les arbres, les escaliers ou les plantes. Selon le lieu d&#8217;installation et l&#8217;effet recherch\u00e9, vous obtiendrez une atmosph\u00e8re totalement diff\u00e9rente et personnalis\u00e9e. Le syst\u00e8me offre \u00e9galement des variantes attrayantes pour l&#8217;installation sur et dans l&#8217;\u00e9tang.<\/p>\n<p>Si vous souhaitez installer le syst\u00e8me dans un jardin existant, c&#8217;est tout \u00e0 fait possible. Comme les c\u00e2bles doivent obligatoirement passer dans des gaines, vous n&#8217;avez pas besoin de creuser \u00e0 nouveau tout le jardin pour les installer. De plus, vous restez toujours flexible, vous pouvez \u00e9largir, remplacer &#8211; comme vous le souhaitez.<\/p>\n<p><a role=\"button\" href=\"https:\/\/faserplast.ch\/de\/garten\/licht\/\" target=\"_blank\" rel=\"noopener noreferrer\"><br>D\u00e9couvrir le syst\u00e8me d&#8217;\u00e9clairage 12 volts dans la boutique en ligne<br><\/a><\/p>\n<p><strong>\u00c9conomiser l&#8217;\u00e9nergie<\/strong><\/p>\n<p>Les deux variantes de transformateur 60 et 100 watts sont \u00e9quip\u00e9es d&#8217;un capteur cr\u00e9pusculaire. Gr\u00e2ce \u00e0 lui, les lampes s&#8217;allument automatiquement au cr\u00e9puscule et s&#8217;\u00e9teignent au lever du soleil, si on le souhaite. Ou vous pouvez \u00e9tendre le syst\u00e8me avec un d\u00e9tecteur de mouvement. Gr\u00e2ce \u00e0 la nouvelle technique LED, vous ne consommez que peu d&#8217;\u00e9nergie malgr\u00e9 une lumi\u00e8re chaude et claire (3000 Kelvin).<\/p>\n<p>Outre une utilisation simple et un design attrayant, <a href=\"https:\/\/faserplast.ch\/de\/garten\/licht\/\" target=\"_blank\" rel=\"noopener noreferrer\">Lightpro<\/a> pr\u00e9sente d&#8217;autres avantages. Vous b\u00e9n\u00e9ficiez ainsi d&#8217;une garantie de 5 ans et d&#8217;un rapport qualit\u00e9-prix tr\u00e8s \u00e9quitable.<\/p>\n<p>Gr\u00e2ce \u00e0 notre stock, nous pouvons toujours vous garantir une disponibilit\u00e9 rapide. Dans notre <a href=\"https:\/\/faserplast.ch\/de\/garten\/licht\/\" target=\"_blank\" rel=\"noopener noreferrer\">centre sp\u00e9cialis\u00e9<\/a> de Rickenbach TG, vous pouvez en outre tester le<a href=\"https:\/\/faserplast.ch\/de\/garten\/licht\/\" target=\"_blank\" rel=\"noopener noreferrer\"> syst\u00e8me d&#8217;\u00e9clairage<\/a> dans notre coin de d\u00e9monstration. Laissez-vous inspirer par la simplicit\u00e9 ing\u00e9nieuse de Lightpro et profitez de l&#8217;occasion pour obtenir des conseils d\u00e9taill\u00e9s.<\/p>","protected":false},"excerpt":{"rendered":"<p>Un jardin demande du travail, mais aussi beaucoup de plaisir. Pour des soir\u00e9es agr\u00e9ables en plein air, nous recommandons le syst\u00e8me d&#8217;\u00e9clairage l\u00e9ger et prim\u00e9 de Faserplast.  <\/p>\n","protected":false},"author":20,"featured_media":2583,"comment_status":"open","ping_status":"open","sticky":false,"template":"","format":"video","meta":{"_acf_changed":false,"footnotes":"","_wpscppro_dont_share_socialmedia":false,"_wpscppro_custom_social_share_image":0,"_facebook_share_type":"","_twitter_share_type":"","_linkedin_share_type":"","_pinterest_share_type":"","_linkedin_share_type_page":"","_instagram_share_type":"","_medium_share_type":"","_threads_share_type":"","_google_business_share_type":"","_selected_social_profile":[],"_wpsp_enable_custom_social_template":false,"_wpsp_social_scheduling":{"enabled":false,"datetime":null,"platforms":[],"status":"template_only","dateOption":"today","timeOption":"now","customDays":"","customHours":"","customDate":"","customTime":"","schedulingType":"absolute"},"_wpsp_active_default_template":true},"categories":[88,216],"tags":[221],"experts":[225],"class_list":["post-2863","post","type-post","status-publish","format-video","has-post-thumbnail","hentry","category-faserplast-ch-fr","category-jardin","tag-actualites","post_format-post-format-video","experts-flavio-muller"],"acf":[],"_links":{"self":[{"href":"https:\/\/986583d8-f056-4bb2-8671-788a4dfd7230.seg14.hubblecommerce.io\/fr\/wp-json\/wp\/v2\/posts\/2863","targetHints":{"allow":["GET"]}}],"collection":[{"href":"https:\/\/986583d8-f056-4bb2-8671-788a4dfd7230.seg14.hubblecommerce.io\/fr\/wp-json\/wp\/v2\/posts"}],"about":[{"href":"https:\/\/986583d8-f056-4bb2-8671-788a4dfd7230.seg14.hubblecommerce.io\/fr\/wp-json\/wp\/v2\/types\/post"}],"author":[{"embeddable":true,"href":"https:\/\/986583d8-f056-4bb2-8671-788a4dfd7230.seg14.hubblecommerce.io\/fr\/wp-json\/wp\/v2\/users\/20"}],"replies":[{"embeddable":true,"href":"https:\/\/986583d8-f056-4bb2-8671-788a4dfd7230.seg14.hubblecommerce.io\/fr\/wp-json\/wp\/v2\/comments?post=2863"}],"version-history":[{"count":1,"href":"https:\/\/986583d8-f056-4bb2-8671-788a4dfd7230.seg14.hubblecommerce.io\/fr\/wp-json\/wp\/v2\/posts\/2863\/revisions"}],"predecessor-version":[{"id":5946,"href":"https:\/\/986583d8-f056-4bb2-8671-788a4dfd7230.seg14.hubblecommerce.io\/fr\/wp-json\/wp\/v2\/posts\/2863\/revisions\/5946"}],"wp:featuredmedia":[{"embeddable":true,"href":"https:\/\/986583d8-f056-4bb2-8671-788a4dfd7230.seg14.hubblecommerce.io\/fr\/wp-json\/wp\/v2\/media\/2583"}],"wp:attachment":[{"href":"https:\/\/986583d8-f056-4bb2-8671-788a4dfd7230.seg14.hubblecommerce.io\/fr\/wp-json\/wp\/v2\/media?parent=2863"}],"wp:term":[{"taxonomy":"category","embeddable":true,"href":"https:\/\/986583d8-f056-4bb2-8671-788a4dfd7230.seg14.hubblecommerce.io\/fr\/wp-json\/wp\/v2\/categories?post=2863"},{"taxonomy":"post_tag","embeddable":true,"href":"https:\/\/986583d8-f056-4bb2-8671-788a4dfd7230.seg14.hubblecommerce.io\/fr\/wp-json\/wp\/v2\/tags?post=2863"},{"taxonomy":"experts","embeddable":true,"href":"https:\/\/986583d8-f056-4bb2-8671-788a4dfd7230.seg14.hubblecommerce.io\/fr\/wp-json\/wp\/v2\/experts?post=2863"}],"curies":[{"name":"wp","href":"https:\/\/api.w.org\/{rel}","templated":true}]}}