{"id":2859,"date":"2017-04-07T10:00:10","date_gmt":"2017-04-07T10:00:10","guid":{"rendered":"https:\/\/986583d8-f056-4bb2-8671-788a4dfd7230.seg14.hubblecommerce.io\/hier-et-aujourdhui-chez-faserplast\/"},"modified":"2024-09-30T07:47:29","modified_gmt":"2024-09-30T07:47:29","slug":"hier-et-aujourdhui-chez-faserplast","status":"publish","type":"post","link":"https:\/\/986583d8-f056-4bb2-8671-788a4dfd7230.seg14.hubblecommerce.io\/fr\/hier-et-aujourdhui-chez-faserplast\/","title":{"rendered":"Hier et aujourd&#8217;hui chez Faserplast"},"content":{"rendered":"\n<figure class=\"wp-block-image size-large\"><img loading=\"lazy\" decoding=\"async\" width=\"1024\" height=\"576\" src=\"https:\/\/986583d8-f056-4bb2-8671-788a4dfd7230.seg14.hubblecommerce.io\/wp-content\/uploads\/2024\/01\/Banner_faserplast-gebaeude-nacht-strasse-1024x576.jpg\" alt=\"B\u00e2timent commercial de Faserplast by night\" class=\"wp-image-2716\" srcset=\"https:\/\/986583d8-f056-4bb2-8671-788a4dfd7230.seg14.hubblecommerce.io\/wp-content\/uploads\/2024\/01\/Banner_faserplast-gebaeude-nacht-strasse-1024x576.jpg 1024w, https:\/\/986583d8-f056-4bb2-8671-788a4dfd7230.seg14.hubblecommerce.io\/wp-content\/uploads\/2024\/01\/Banner_faserplast-gebaeude-nacht-strasse-300x169.jpg 300w, https:\/\/986583d8-f056-4bb2-8671-788a4dfd7230.seg14.hubblecommerce.io\/wp-content\/uploads\/2024\/01\/Banner_faserplast-gebaeude-nacht-strasse-768x432.jpg 768w, https:\/\/986583d8-f056-4bb2-8671-788a4dfd7230.seg14.hubblecommerce.io\/wp-content\/uploads\/2024\/01\/Banner_faserplast-gebaeude-nacht-strasse.jpg 1160w\" sizes=\"auto, (max-width: 1024px) 100vw, 1024px\" \/><\/figure>\n\n\n\n<p><strong>Lorsque Faserplast AG a \u00e9t\u00e9 fond\u00e9e en 1972, le site de Rickenbach ne ressemblait gu\u00e8re \u00e0 ce qu&#8217;il est aujourd&#8217;hui. Au total, trois \u00e9tapes de construction en 1979, 1989 et 1996 ont modifi\u00e9 de mani\u00e8re significative l&#8217;aspect de la production, du centre sp\u00e9cialis\u00e9 et de l&#8217;entrep\u00f4t. En 2004, le centre sp\u00e9cialis\u00e9 a encore \u00e9t\u00e9 modernis\u00e9 et agrandi. Beaucoup de choses rappellent encore l&#8217;\u00e9poque, mais certaines ont \u00e9galement \u00e9t\u00e9 adapt\u00e9es aux exigences actuelles en 2016\/2017.<\/strong><\/p>\n\n\n\n<p><strong>Usine en Pologne<\/strong><\/p>\n\n\n\n<p>L&#8217;activit\u00e9 de construction de <a href=\"https:\/\/faserplast.ch\/de\/\" target=\"_blank\" rel=\"noopener noreferrer\">Faserplast<\/a> AG ne s&#8217;est toutefois pas limit\u00e9e au site de Rickenbach. Non, en Pologne aussi, on a beaucoup construit. C&#8217;est ainsi que l&#8217;usine de production de Slupsk, en Pologne, a vu le jour en 2005 et a \u00e9t\u00e9 compl\u00e9t\u00e9e par une extension en 2015.<\/p>\n\n\n\n<p><strong>Une entreprise en mutation<\/strong><\/p>\n\n\n\n<p>L&#8217;activit\u00e9 et l&#8217;organisation de <a href=\"https:\/\/faserplast.ch\/de\/\" target=\"_blank\" rel=\"noopener noreferrer\">Faserplast<\/a> AG ont \u00e9galement chang\u00e9 et se sont \u00e9largies. C&#8217;est ainsi qu&#8217;en 2003, le commerce de gros est venu s&#8217;ajouter \u00e0 la liste des clients pour les produits Faserplast en s\u00e9rie. En 2010, Wilfried Pfanner et Fritz Schneider sont devenus les nouveaux propri\u00e9taires de Faserplast AG. Parmi eux, l&#8217;entreprise s&#8217;est divis\u00e9e en 2011 en deux divisions commerciales : Composites et Commerce sp\u00e9cialis\u00e9. L&#8217;assortiment a \u00e9galement connu l&#8217;une ou l&#8217;autre adaptation et a \u00e9t\u00e9 adapt\u00e9 aux exigences de chaque \u00e9poque. En 2012, la plateforme en ligne a suivi, qui a \u00e9t\u00e9 constamment d\u00e9velopp\u00e9e par la suite. En 2016, Faserplast Composites AG a \u00e9t\u00e9 cr\u00e9\u00e9e pour prendre en charge toutes les activit\u00e9s li\u00e9es aux produits renforc\u00e9s par des fibres. Parall\u00e8lement, Faserplast AG se consacre au commerce sp\u00e9cialis\u00e9 dans les domaines de la maison et du jardin.<\/p>\n\n\n\n<p><strong>Pr\u00e9sent et avenir<\/strong><\/p>\n\n\n\n<p>La vie continue de battre son plein chez <a href=\"https:\/\/faserplast.ch\/\" target=\"_blank\" rel=\"noopener noreferrer\">Faserplast<\/a> AG. C&#8217;est ainsi qu&#8217;ont eu lieu les premi\u00e8res formations avec les th\u00e8mes de l&#8217;assainissement des d\u00e9g\u00e2ts des eaux et de la d\u00e9tection des ruptures de canalisations en Suisse. Et plus pr\u00e9cis\u00e9ment au centre de formation Faserplast \u00e0 Rickenbach b. Wil. L&#8217;assortiment s&#8217;\u00e9largit en permanence. En outre, la livraison sans frais de port de tous les produits est une nouveaut\u00e9. Ce que l&#8217;avenir nous r\u00e9serve d&#8217;autre ? Laissez-vous surprendre. Comme nous sommes \u00e0 l&#8217;\u00e9coute des besoins de nos clients, Faserplast continue \u00e0 \u00e9voluer en douceur.<\/p>\n","protected":false},"excerpt":{"rendered":"<p>Lorsque Faserplast AG a \u00e9t\u00e9 fond\u00e9e \u00e0 Rickenbach en 1972, le site \u00e9tait encore tr\u00e8s diff\u00e9rent de celui d&#8217;aujourd&#8217;hui. Trois phases de construction, en 1979, 1989 et 1996, ont consid\u00e9rablement modifi\u00e9 l&#8217;aspect de la production, du centre sp\u00e9cialis\u00e9 et de l&#8217;entrep\u00f4t.<\/p>\n","protected":false},"author":20,"featured_media":2717,"comment_status":"open","ping_status":"open","sticky":false,"template":"","format":"standard","meta":{"_acf_changed":false,"footnotes":"","_wpscppro_dont_share_socialmedia":false,"_wpscppro_custom_social_share_image":0,"_facebook_share_type":"","_twitter_share_type":"","_linkedin_share_type":"","_pinterest_share_type":"","_linkedin_share_type_page":"","_instagram_share_type":"","_medium_share_type":"","_threads_share_type":"","_google_business_share_type":"","_selected_social_profile":[],"_wpsp_enable_custom_social_template":false,"_wpsp_social_scheduling":{"enabled":false,"datetime":null,"platforms":[],"status":"template_only","dateOption":"today","timeOption":"now","customDays":"","customHours":"","customDate":"","customTime":"","schedulingType":"absolute"},"_wpsp_active_default_template":true},"categories":[88,217],"tags":[221],"experts":[121],"class_list":["post-2859","post","type-post","status-publish","format-standard","has-post-thumbnail","hentry","category-faserplast-ch-fr","category-mir-sind-fapa-fr","tag-actualites","experts-expert-1-fr"],"acf":[],"_links":{"self":[{"href":"https:\/\/986583d8-f056-4bb2-8671-788a4dfd7230.seg14.hubblecommerce.io\/fr\/wp-json\/wp\/v2\/posts\/2859","targetHints":{"allow":["GET"]}}],"collection":[{"href":"https:\/\/986583d8-f056-4bb2-8671-788a4dfd7230.seg14.hubblecommerce.io\/fr\/wp-json\/wp\/v2\/posts"}],"about":[{"href":"https:\/\/986583d8-f056-4bb2-8671-788a4dfd7230.seg14.hubblecommerce.io\/fr\/wp-json\/wp\/v2\/types\/post"}],"author":[{"embeddable":true,"href":"https:\/\/986583d8-f056-4bb2-8671-788a4dfd7230.seg14.hubblecommerce.io\/fr\/wp-json\/wp\/v2\/users\/20"}],"replies":[{"embeddable":true,"href":"https:\/\/986583d8-f056-4bb2-8671-788a4dfd7230.seg14.hubblecommerce.io\/fr\/wp-json\/wp\/v2\/comments?post=2859"}],"version-history":[{"count":1,"href":"https:\/\/986583d8-f056-4bb2-8671-788a4dfd7230.seg14.hubblecommerce.io\/fr\/wp-json\/wp\/v2\/posts\/2859\/revisions"}],"predecessor-version":[{"id":5953,"href":"https:\/\/986583d8-f056-4bb2-8671-788a4dfd7230.seg14.hubblecommerce.io\/fr\/wp-json\/wp\/v2\/posts\/2859\/revisions\/5953"}],"wp:featuredmedia":[{"embeddable":true,"href":"https:\/\/986583d8-f056-4bb2-8671-788a4dfd7230.seg14.hubblecommerce.io\/fr\/wp-json\/wp\/v2\/media\/2717"}],"wp:attachment":[{"href":"https:\/\/986583d8-f056-4bb2-8671-788a4dfd7230.seg14.hubblecommerce.io\/fr\/wp-json\/wp\/v2\/media?parent=2859"}],"wp:term":[{"taxonomy":"category","embeddable":true,"href":"https:\/\/986583d8-f056-4bb2-8671-788a4dfd7230.seg14.hubblecommerce.io\/fr\/wp-json\/wp\/v2\/categories?post=2859"},{"taxonomy":"post_tag","embeddable":true,"href":"https:\/\/986583d8-f056-4bb2-8671-788a4dfd7230.seg14.hubblecommerce.io\/fr\/wp-json\/wp\/v2\/tags?post=2859"},{"taxonomy":"experts","embeddable":true,"href":"https:\/\/986583d8-f056-4bb2-8671-788a4dfd7230.seg14.hubblecommerce.io\/fr\/wp-json\/wp\/v2\/experts?post=2859"}],"curies":[{"name":"wp","href":"https:\/\/api.w.org\/{rel}","templated":true}]}}