{"id":2857,"date":"2019-05-14T14:00:15","date_gmt":"2019-05-14T14:00:15","guid":{"rendered":"https:\/\/986583d8-f056-4bb2-8671-788a4dfd7230.seg14.hubblecommerce.io\/nous-avons-ete-touches-par-les-inondations-du-14-6-2015\/"},"modified":"2024-09-30T07:47:16","modified_gmt":"2024-09-30T07:47:16","slug":"nous-avons-ete-touches-par-les-inondations-du-14-6-2015","status":"publish","type":"post","link":"https:\/\/986583d8-f056-4bb2-8671-788a4dfd7230.seg14.hubblecommerce.io\/fr\/nous-avons-ete-touches-par-les-inondations-du-14-6-2015\/","title":{"rendered":"Nous avons \u00e9t\u00e9 touch\u00e9s par les inondations du 14.6.2015"},"content":{"rendered":"\n<figure class=\"wp-block-image size-large\"><img loading=\"lazy\" decoding=\"async\" width=\"1024\" height=\"576\" src=\"https:\/\/986583d8-f056-4bb2-8671-788a4dfd7230.seg14.hubblecommerce.io\/wp-content\/uploads\/2024\/01\/Banner_a1_wil_ueberschwemmun-1024x576.jpg\" alt=\"14.6.2015 Inondation due aux crues sur l'A1 pr\u00e8s de Wil SG\" class=\"wp-image-2564\" srcset=\"https:\/\/986583d8-f056-4bb2-8671-788a4dfd7230.seg14.hubblecommerce.io\/wp-content\/uploads\/2024\/01\/Banner_a1_wil_ueberschwemmun-1024x576.jpg 1024w, https:\/\/986583d8-f056-4bb2-8671-788a4dfd7230.seg14.hubblecommerce.io\/wp-content\/uploads\/2024\/01\/Banner_a1_wil_ueberschwemmun-300x169.jpg 300w, https:\/\/986583d8-f056-4bb2-8671-788a4dfd7230.seg14.hubblecommerce.io\/wp-content\/uploads\/2024\/01\/Banner_a1_wil_ueberschwemmun-768x432.jpg 768w, https:\/\/986583d8-f056-4bb2-8671-788a4dfd7230.seg14.hubblecommerce.io\/wp-content\/uploads\/2024\/01\/Banner_a1_wil_ueberschwemmun.jpg 1160w\" sizes=\"auto, (max-width: 1024px) 100vw, 1024px\" \/><\/figure>\n\n\n\n<p class=\"has-text-align-right\"><em>Photo : Police cantonale de Saint-Gall<\/em><\/p>\n\n\n\n<h2 class=\"wp-block-heading\">Aucune des personnes concern\u00e9es n&#8217;oubliera cet \u00e9v\u00e9nement de sit\u00f4t. En effet, l&#8217;orage du 14 juin 2015 a entra\u00een\u00e9 des masses d&#8217;eau insaisissables, surtout en Suisse orientale. Ceux qui ont r\u00e9ussi \u00e0 \u00e9vacuer rapidement l&#8217;eau des zones inond\u00e9es ont eu de la chance. En effet, certaines caves et certains parkings souterrains sont rest\u00e9s sous l&#8217;eau pendant plusieurs jours.<\/h2>\n\n\n\n<p>L&#8217;inondation de l&#8217;autoroute A1 pr\u00e8s de Wil a notamment \u00e9t\u00e9 sur toutes les l\u00e8vres. Une pente en amont de l&#8217;autoroute avait gliss\u00e9 et la recouvrait d&#8217;\u00e9boulis et de boue. De nombreux automobilistes se sont retrouv\u00e9s bloqu\u00e9s. Mais ailleurs dans la r\u00e9gion de Wil, il s&#8217;est \u00e9galement pass\u00e9 quelque chose de difficilement compr\u00e9hensible ce dimanche apr\u00e8s-midi. Des passages souterrains, des caves, des parkings souterrains et des rues ont \u00e9t\u00e9 inond\u00e9s. Un man\u00e8ge a \u00e9t\u00e9 inond\u00e9, l&#8217;\u00e9lectricit\u00e9 a \u00e9t\u00e9 coup\u00e9e \u00e0 Rossr\u00fcti, des v\u00e9hicules ont \u00e9t\u00e9 d\u00e9plac\u00e9s par les masses d&#8217;eau \u00e0 Bronschhofen et emport\u00e9s dans des ruisseaux. Selon la SRF, 340 d\u00e9clarations ont \u00e9t\u00e9 faites dans la r\u00e9gion de Wil.<\/p>\n\n\n\n<p><strong>Kradolf TG divis\u00e9 par le ruisseau<\/strong><\/p>\n\n\n\n<p>La commune de Kradolf-Sch\u00f6nenberg, en Thurgovie, a \u00e9galement \u00e9t\u00e9 particuli\u00e8rement touch\u00e9e. Comme le ruisseau du village ne s&#8217;\u00e9coulait plus sous terre, mais traversait le village par un garage, Kradolf s&#8217;est retrouv\u00e9 sous l&#8217;eau. Des jardins d\u00e9truits, des caves inond\u00e9es, des voitures d\u00e9truites &#8211; ce n&#8217;est qu&#8217;une petite partie des \u00e9normes d\u00e9g\u00e2ts caus\u00e9s par ces intemp\u00e9ries. Dans le village voisin d&#8217;Erlen, un ruisseau a \u00e9galement d\u00e9bord\u00e9 et s&#8217;est \u00e9tendu. Peter Steffen, commandant des pompiers d&#8217;Erlen, a \u00e9t\u00e9 cit\u00e9 comme suit par 20 minutes : &#8220;Il faudra encore plusieurs jours pour que toutes les caves soient pomp\u00e9es&#8221;.<\/p>\n\n\n\n<p><a role=\"button\" href=\"https:\/\/faserplast.ch\/de\/wasser\/pumpen\/schmutzwasserpumpen\/\" target=\"_blank\" rel=\"noopener noreferrer\"><br>D\u00e9couvrir les pompes pour eaux sales dans la boutique en ligne<br><\/a><\/p>\n\n\n\n<p><strong>\u00c9v\u00e9nement \u00e0 l&#8217;\u00e9chelle de la Suisse<\/strong><\/p>\n\n\n\n<p>D&#8217;autres r\u00e9gions de Suisse ont \u00e9galement \u00e9t\u00e9 touch\u00e9es. C&#8217;est le cas, entre autres, dans le canton d&#8217;Argovie, dans le Seeland ou dans le canton de B\u00e2le-Campagne. Les lignes de chemin de fer ont \u00e9t\u00e9 ferm\u00e9es, les rues inond\u00e9es et les sous-sols remplis d&#8217;eau. Mais la situation en Suisse orientale n&#8217;avait pas d&#8217;\u00e9quivalent. Sur le lac de Constance, il a plu jusqu&#8217;\u00e0 108 l\/m\u00b2 selon la SRF. Cela repr\u00e9sente plus que la quantit\u00e9 normale pour tout le mois de juin.<\/p>\n\n\n\n<figure class=\"wp-block-image size-large\"><img loading=\"lazy\" decoding=\"async\" width=\"1024\" height=\"576\" src=\"https:\/\/986583d8-f056-4bb2-8671-788a4dfd7230.seg14.hubblecommerce.io\/wp-content\/uploads\/2024\/01\/ueberschwemmung-tiefgarage-schmutzwasser-autoreifen-thurgau-2015-800x600px-768x576-1-1024x576.jpg\" alt=\"Pneu flottant dans un parking souterrain inond\u00e9\" class=\"wp-image-2566\" srcset=\"https:\/\/986583d8-f056-4bb2-8671-788a4dfd7230.seg14.hubblecommerce.io\/wp-content\/uploads\/2024\/01\/ueberschwemmung-tiefgarage-schmutzwasser-autoreifen-thurgau-2015-800x600px-768x576-1-1024x576.jpg 1024w, https:\/\/986583d8-f056-4bb2-8671-788a4dfd7230.seg14.hubblecommerce.io\/wp-content\/uploads\/2024\/01\/ueberschwemmung-tiefgarage-schmutzwasser-autoreifen-thurgau-2015-800x600px-768x576-1-300x169.jpg 300w, https:\/\/986583d8-f056-4bb2-8671-788a4dfd7230.seg14.hubblecommerce.io\/wp-content\/uploads\/2024\/01\/ueberschwemmung-tiefgarage-schmutzwasser-autoreifen-thurgau-2015-800x600px-768x576-1-768x432.jpg 768w, https:\/\/986583d8-f056-4bb2-8671-788a4dfd7230.seg14.hubblecommerce.io\/wp-content\/uploads\/2024\/01\/ueberschwemmung-tiefgarage-schmutzwasser-autoreifen-thurgau-2015-800x600px-768x576-1.jpg 1160w\" sizes=\"auto, (max-width: 1024px) 100vw, 1024px\" \/><\/figure>\n\n\n\n<p><strong>R\u00e9trospective de personnes concern\u00e9es<\/strong><\/p>\n\n\n\n<p>Trois employ\u00e9s de <a href=\"https:\/\/faserplast.ch\/\" target=\"_blank\" rel=\"noopener noreferrer\">Faserplast AG<\/a> ont \u00e9t\u00e9 directement touch\u00e9s par les inondations le dimanche 14 juin 2015. Nous avons d\u00fb faire face \u00e0 des parkings souterrains remplis, des caves inond\u00e9es et des jardins d\u00e9truits. Les v\u00e9hicules ont \u00e9t\u00e9 endommag\u00e9s, les biens ont \u00e9t\u00e9 d\u00e9truits et les plans pour les jours \u00e0 venir ont \u00e9t\u00e9 compl\u00e8tement chamboul\u00e9s. Ceux qui le pouvaient ont pomp\u00e9 l&#8217;eau des pi\u00e8ces concern\u00e9es le plus rapidement possible \u00e0 l&#8217;aide d&#8217;une <a href=\"https:\/\/faserplast.ch\/de\/wasser\/pumpen\/schmutzwasserpumpen\/\" target=\"_blank\" rel=\"noopener noreferrer\">pompe \u00e0 eau sale<\/a> et ont commenc\u00e9 les travaux de nettoyage. Cela a permis de minimiser les dommages cons\u00e9cutifs et de limiter l&#8217;ensemble des d\u00e9penses ult\u00e9rieures. Ceux qui ne disposaient pas d&#8217;outils appropri\u00e9s devaient attendre l&#8217;arriv\u00e9e des pompiers. Et celle-ci \u00e9tait partout requise \u00e0 cette \u00e9poque.<\/p>\n\n\n\n<p><img loading=\"lazy\" decoding=\"async\" sizes=\"auto, (max-width: 768px) 100vw, 768px\" srcset=\"https:\/\/ratgeber.faserplast.ch\/wp-content\/uploads\/2018\/06\/ueberschwemmung-liegenschaft-schmutzwasser-fahrraeder-kuehlschrank-keller-thurgau-2015-800x600px-768x576.jpg 768w, https:\/\/ratgeber.faserplast.ch\/wp-content\/uploads\/2018\/06\/ueberschwemmung-liegenschaft-schmutzwasser-fahrraeder-kuehlschrank-keller-thurgau-2015-800x600px-300x225.jpg 300w, https:\/\/ratgeber.faserplast.ch\/wp-content\/uploads\/2018\/06\/ueberschwemmung-liegenschaft-schmutzwasser-fahrraeder-kuehlschrank-keller-thurgau-2015-800x600px-600x450.jpg 600w, https:\/\/ratgeber.faserplast.ch\/wp-content\/uploads\/2018\/06\/ueberschwemmung-liegenschaft-schmutzwasser-fahrraeder-kuehlschrank-keller-thurgau-2015-800x600px.jpg 800w\" width=\"768\" height=\"576\" src=\"https:\/\/ratgeber.faserplast.ch\/wp-content\/uploads\/2018\/06\/ueberschwemmung-liegenschaft-schmutzwasser-fahrraeder-kuehlschrank-keller-thurgau-2015-800x600px-768x576.jpg\" alt=\"inondation-immeuble-eau sale-v\u00e9los-frigo-cave-thurgovie-2015-800x600px\"><br><a role=\"button\" href=\"https:\/\/faserplast.ch\/de\/wasser\/pumpen\/schlammsauger\/\" target=\"_blank\" rel=\"noopener noreferrer\"><br><\/a><a href=\"https:\/\/fapatrock.ch\/wasserschaden\/wasserschlammsauger\" target=\"_blank\" rel=\"noopener\">D\u00e9couvrir les aspirateurs de boue dans la boutique en ligne<\/a><a role=\"button\" href=\"https:\/\/faserplast.ch\/de\/wasser\/pumpen\/schlammsauger\/\" target=\"_blank\" rel=\"noopener noreferrer\"><br><\/a><\/p>\n\n\n\n<p><strong>Pr\u00e9voir et prot\u00e9ger<\/strong><\/p>\n\n\n\n<p>Les d\u00e9g\u00e2ts des eaux, les inondations et les ruptures de canalisations entra\u00eenent toujours des dommages, une perte de temps et une tension nerveuse. Mais en r\u00e9agissant rapidement, il est possible de limiter fortement leur ampleur. <a href=\"https:\/\/fapatrock.ch\/\" target=\"_blank\" rel=\"noopener\">fapatrock<\/a> propose pour de tels cas un assortiment parfaitement adapt\u00e9 comprenant tous les produits n\u00e9cessaires. En outre, nos sp\u00e9cialistes se tiennent \u00e0 votre disposition pour vous conseiller en cas de questions. Car nous connaissons par exp\u00e9rience la recette qui convient : pr\u00e9venir &#8211; prot\u00e9ger &#8211; agir.<\/p>\n\n\n\n<p><\/p>\n","protected":false},"excerpt":{"rendered":"<p>L&#8217;orage du 14 juin 2015 restera inoubliable pour les personnes touch\u00e9es. Des pluies massives ont provoqu\u00e9 des inondations d\u00e9vastatrices, en particulier dans l&#8217;est de la Suisse. Tous ceux qui ont r\u00e9ussi \u00e0 \u00e9vacuer l&#8217;eau des zones inond\u00e9es ont eu de la chance dans leur malheur. En effet, certaines caves et certains parkings souterrains sont rest\u00e9s inond\u00e9s pendant plusieurs jours.<\/p>\n","protected":false},"author":20,"featured_media":2565,"comment_status":"open","ping_status":"open","sticky":false,"template":"","format":"standard","meta":{"_acf_changed":false,"footnotes":"","_wpscppro_dont_share_socialmedia":false,"_wpscppro_custom_social_share_image":0,"_facebook_share_type":"","_twitter_share_type":"","_linkedin_share_type":"","_pinterest_share_type":"","_linkedin_share_type_page":"","_instagram_share_type":"","_medium_share_type":"","_threads_share_type":"","_google_business_share_type":"","_selected_social_profile":[],"_wpsp_enable_custom_social_template":false,"_wpsp_social_scheduling":{"enabled":false,"datetime":null,"platforms":[],"status":"template_only","dateOption":"today","timeOption":"now","customDays":"","customHours":"","customDate":"","customTime":"","schedulingType":"absolute"},"_wpsp_active_default_template":true},"categories":[84,215],"tags":[221],"experts":[226],"class_list":["post-2857","post","type-post","status-publish","format-standard","has-post-thumbnail","hentry","category-fapatrock-ch-fr","category-degats-des-eaux","tag-actualites","experts-michael-oswald"],"acf":[],"_links":{"self":[{"href":"https:\/\/986583d8-f056-4bb2-8671-788a4dfd7230.seg14.hubblecommerce.io\/fr\/wp-json\/wp\/v2\/posts\/2857","targetHints":{"allow":["GET"]}}],"collection":[{"href":"https:\/\/986583d8-f056-4bb2-8671-788a4dfd7230.seg14.hubblecommerce.io\/fr\/wp-json\/wp\/v2\/posts"}],"about":[{"href":"https:\/\/986583d8-f056-4bb2-8671-788a4dfd7230.seg14.hubblecommerce.io\/fr\/wp-json\/wp\/v2\/types\/post"}],"author":[{"embeddable":true,"href":"https:\/\/986583d8-f056-4bb2-8671-788a4dfd7230.seg14.hubblecommerce.io\/fr\/wp-json\/wp\/v2\/users\/20"}],"replies":[{"embeddable":true,"href":"https:\/\/986583d8-f056-4bb2-8671-788a4dfd7230.seg14.hubblecommerce.io\/fr\/wp-json\/wp\/v2\/comments?post=2857"}],"version-history":[{"count":1,"href":"https:\/\/986583d8-f056-4bb2-8671-788a4dfd7230.seg14.hubblecommerce.io\/fr\/wp-json\/wp\/v2\/posts\/2857\/revisions"}],"predecessor-version":[{"id":5942,"href":"https:\/\/986583d8-f056-4bb2-8671-788a4dfd7230.seg14.hubblecommerce.io\/fr\/wp-json\/wp\/v2\/posts\/2857\/revisions\/5942"}],"wp:featuredmedia":[{"embeddable":true,"href":"https:\/\/986583d8-f056-4bb2-8671-788a4dfd7230.seg14.hubblecommerce.io\/fr\/wp-json\/wp\/v2\/media\/2565"}],"wp:attachment":[{"href":"https:\/\/986583d8-f056-4bb2-8671-788a4dfd7230.seg14.hubblecommerce.io\/fr\/wp-json\/wp\/v2\/media?parent=2857"}],"wp:term":[{"taxonomy":"category","embeddable":true,"href":"https:\/\/986583d8-f056-4bb2-8671-788a4dfd7230.seg14.hubblecommerce.io\/fr\/wp-json\/wp\/v2\/categories?post=2857"},{"taxonomy":"post_tag","embeddable":true,"href":"https:\/\/986583d8-f056-4bb2-8671-788a4dfd7230.seg14.hubblecommerce.io\/fr\/wp-json\/wp\/v2\/tags?post=2857"},{"taxonomy":"experts","embeddable":true,"href":"https:\/\/986583d8-f056-4bb2-8671-788a4dfd7230.seg14.hubblecommerce.io\/fr\/wp-json\/wp\/v2\/experts?post=2857"}],"curies":[{"name":"wp","href":"https:\/\/api.w.org\/{rel}","templated":true}]}}